{"id":929,"date":"2023-12-05T19:06:52","date_gmt":"2023-12-05T19:06:52","guid":{"rendered":"https:\/\/dostkelimeler.com\/hikaye\/2017\/04\/05\/hayirli-evlat-yetistiren-saliha-kadin\/"},"modified":"2023-12-27T08:25:20","modified_gmt":"2023-12-27T08:25:20","slug":"hayirli-evlat-yetistiren-saliha-kadin","status":"publish","type":"post","link":"https:\/\/www.dostkelimeler.com\/hikaye\/hayirli-evlat-yetistiren-saliha-kadin\/","title":{"rendered":"Hay\u0131rl\u0131 evlat yeti\u015ftiren saliha kad\u0131n"},"content":{"rendered":"<p><strong>Hay\u0131rl\u0131 evlat yeti\u015ftiren saliha kad\u0131n<\/strong><\/p>\n<p>Kabe \u0130mam\u0131 anlat\u0131yor&#8230;.<br \/>\nKur\u2019an \u00f6\u011fretti\u011fim gruba kat\u0131lmak i\u00e7in k\u00fc\u00e7\u00fck bir \u00e7ocuk geldi.<br \/>\nDedim ki \u00e7ocu\u011fa: Kur\u2019andan ezberinde bir \u015fey var m\u0131? Evet dedi.<br \/>\nDedim ki ona \u201c Amme c\u00fcz\u00fcnden bir \u015fey okur musun?\u201d Okudu.<br \/>\nSonra dedim Tebrake suresi ezberinde mi?<br \/>\nYa\u015f\u0131 k\u00fc\u00e7\u00fck olmas\u0131na ra\u011fmen, okuyu\u015fu ho\u015fuma gitti, be\u011fendim.<br \/>\nVe Nahl suresini sordum. Onu da ezberlemi\u015fti, hayranl\u0131\u011f\u0131m artt\u0131.<br \/>\nUzun sureleri sordum bu kez: \u201cBakara suresi ezberinde mi?\u201d<br \/>\nEvet dedi ve hatas\u0131z okudu.<br \/>\nBu kez sordum yavrucu\u011fum sen haf\u0131z m\u0131s\u0131n?<br \/>\nEvet dedi.<br \/>\nSubhanAllah ma\u015faAllah tebarekAllah..<br \/>\nErtesi g\u00fcn velisiyle birlikte gelmesini istedim ondan.Ben hayretlerdeyim. Bir baba nas\u0131l b\u00f6yle olabilirdi, nas\u0131l b\u00f6yle bir \u00e7ocuk yeti\u015ftirmi\u015fti?<br \/>\nVe geldi velisi. Baban\u0131n geli\u015fi benim i\u00e7in b\u00fcy\u00fck s\u00fcrpriz oldu. \u00c7\u00fcnk\u00fc baban\u0131n g\u00f6r\u00fcn\u00fc\u015f\u00fc hi\u00e7 de s\u00fcnnete uygun ya\u015f\u0131yormu\u015f izlenimini vermiyordu. S\u00f6z\u00fc ilk o ald\u0131 ve dedi ki:<br \/>\nBiliyorum sen onun babas\u0131 oldu\u011fuma hayret ettin. Ben seni merakta b\u0131rakmayacak, ve s\u00f6yleyece\u011fim, bu g\u00f6rd\u00fc\u011f\u00fcn \u00e7ocu\u011fun arkas\u0131nda bin adam de\u011ferinde bir kad\u0131n var! Ve m\u00fcjde vereyim sana evde 3 o\u011flum var ve hepsi de Kur\u2019an haf\u0131z\u0131. Bir de 4 ya\u015f\u0131nda bir k\u0131z\u0131m var, o da Amme c\u00fcz\u00fcn\u00fc ezberliyor \u015fimdi.<br \/>\nHayret ettim, bu nas\u0131l olur? Dedi ki bana: Anneleri \u00e7ocuk konu\u015fmaya ba\u015flad\u0131\u011f\u0131 andan itibaren Kur\u2019an ezberletmeye ba\u015flat\u0131yor ve \u00e7ocuklar\u0131 hep bu y\u00f6nde te\u015fvik ediyor.<br \/>\nKim \u00f6nce ezberlerse, o g\u00fcn\u00fcn ak\u015fam yeme\u011fini, o se\u00e7iyor.<br \/>\nKim ezberini \u00f6nce verirse, hafta sonu tatilinde nereye gidilece\u011fini, o belirliyor.<br \/>\nKim \u00f6nce hatim yaparsa, o y\u0131l senelik tatilde nereye gidilece\u011fine, o karar veriyor..<br \/>\n\u0130\u015fte b\u00f6ylece \u00e7ocuklar aras\u0131nda Kur\u2019an ezberlemede, hatim yapmada tatl\u0131 bir yar\u0131\u015f ahlak\u0131 olu\u015ftu.<br \/>\nEvet i\u015fte hay\u0131rl\u0131 evlat yeti\u015ftiren saliha kad\u0131n\u0131n hali bu.. E\u011fer kad\u0131n \u0131slah olursa, evi, ailesi, yeti\u015ftirece\u011fi nesiller de \u0131slah olur.* Mevla Te\u00e2l\u00e2 salih saliha evlatlar yeti\u015ftiren kullar\u0131ndan eylesin \u0130n\u015faallah.. Amin&#8230;<\/p>\n<p>&nbsp;<\/p>\n<p><strong><span style=\"color: #ff0000;\">Hay\u0131rl\u0131 evlat yeti\u015ftiren saliha kad\u0131n<\/span>&#8216;den sonra di\u011fer hikayelerimize de bakabilirsiniz&#8230; Semih YA\u015eAR<\/strong><\/p>\n<h2><span style=\"color: #ff0000;\"><a style=\"color: #ff0000;\" href=\"http:\/\/www.dostkelimeler.com\/hikaye\/annelere-hikaye\/\">Annelere hikaye&#8230;<\/a><\/span><\/h2>\n<h2><span style=\"color: #ff0000;\"><a style=\"color: #ff0000;\" href=\"http:\/\/www.dostkelimeler.com\/hikaye\/her-iste-hayir-vardir\/\">Her i\u015fte hay\u0131r vard\u0131r!&#8230;<\/a><\/span><\/h2>\n<\/p>","protected":false},"excerpt":{"rendered":"<p>Hay\u0131rl\u0131 evlat yeti\u015ftiren saliha kad\u0131n Kabe \u0130mam\u0131 anlat\u0131yor&#8230;. Kur\u2019an \u00f6\u011fretti\u011fim gruba kat\u0131lmak i\u00e7in k\u00fc\u00e7\u00fck bir \u00e7ocuk geldi. Dedim ki \u00e7ocu\u011fa:&#46;&#46;&#46;<\/p>\n","protected":false},"author":1,"featured_media":930,"comment_status":"open","ping_status":"open","sticky":false,"template":"","format":"standard","meta":{"footnotes":""},"categories":[56,3,16,5,14,52,11,8],"tags":[68],"manset":[],"class_list":["post-929","post","type-post","status-publish","format-standard","has-post-thumbnail","hentry","category-basari-hikayeleri","category-dini-hikayeler","category-guzel-hikayeler","category-ibretlik-hikayeler","category-ilginc-hikayeler","category-ilim-hikayeleri","category-kisa-hikayeler","category-yasanmis-hikayeler","tag-guzel-hikayeler"],"_links":{"self":[{"href":"https:\/\/www.dostkelimeler.com\/hikaye\/wp-json\/wp\/v2\/posts\/929","targetHints":{"allow":["GET"]}}],"collection":[{"href":"https:\/\/www.dostkelimeler.com\/hikaye\/wp-json\/wp\/v2\/posts"}],"about":[{"href":"https:\/\/www.dostkelimeler.com\/hikaye\/wp-json\/wp\/v2\/types\/post"}],"author":[{"embeddable":true,"href":"https:\/\/www.dostkelimeler.com\/hikaye\/wp-json\/wp\/v2\/users\/1"}],"replies":[{"embeddable":true,"href":"https:\/\/www.dostkelimeler.com\/hikaye\/wp-json\/wp\/v2\/comments?post=929"}],"version-history":[{"count":1,"href":"https:\/\/www.dostkelimeler.com\/hikaye\/wp-json\/wp\/v2\/posts\/929\/revisions"}],"predecessor-version":[{"id":1969,"href":"https:\/\/www.dostkelimeler.com\/hikaye\/wp-json\/wp\/v2\/posts\/929\/revisions\/1969"}],"wp:featuredmedia":[{"embeddable":true,"href":"https:\/\/www.dostkelimeler.com\/hikaye\/wp-json\/wp\/v2\/media\/930"}],"wp:attachment":[{"href":"https:\/\/www.dostkelimeler.com\/hikaye\/wp-json\/wp\/v2\/media?parent=929"}],"wp:term":[{"taxonomy":"category","embeddable":true,"href":"https:\/\/www.dostkelimeler.com\/hikaye\/wp-json\/wp\/v2\/categories?post=929"},{"taxonomy":"post_tag","embeddable":true,"href":"https:\/\/www.dostkelimeler.com\/hikaye\/wp-json\/wp\/v2\/tags?post=929"},{"taxonomy":"manset","embeddable":true,"href":"https:\/\/www.dostkelimeler.com\/hikaye\/wp-json\/wp\/v2\/manset?post=929"}],"curies":[{"name":"wp","href":"https:\/\/api.w.org\/{rel}","templated":true}]}}