{"id":860,"date":"2024-08-15T10:11:08","date_gmt":"2024-08-15T10:11:08","guid":{"rendered":"https:\/\/dostkelimeler.com\/hikaye\/2016\/08\/03\/fakir-ve-kor\/"},"modified":"2024-08-22T13:43:23","modified_gmt":"2024-08-22T13:43:23","slug":"fakir-ve-kor","status":"publish","type":"post","link":"https:\/\/www.dostkelimeler.com\/hikaye\/fakir-ve-kor\/","title":{"rendered":"Fakir ve k\u00f6r"},"content":{"rendered":"<p><b><span style=\"color: black; font-family: Verdana;\">Fakir ve k\u00f6r<\/span><\/b><\/p>\n<div>Kibirli ve zengin birisi kap\u0131s\u0131na gelen bir fakire bir \u015fey vermedi\u011fi gibi, onu hem azarlar hem de kap\u0131y\u0131 y\u00fcz\u00fcne kapat\u0131r.. Zavall\u0131 fakir i\u00e7lenir; bir tarafa \u00e7ekilir ve oturur, a\u011flamaya ba\u015flar.. Bir k\u00f6r, onun a\u011flamalar\u0131n\u0131 duyar. Kalkar yan\u0131na gelir, ni\u00e7in b\u00f6yle \u00fczg\u00fcn oldu\u011funu, a\u011flad\u0131\u011f\u0131n\u0131 sorar.<\/div>\n<div><\/div>\n<div>Fakir olan\u0131 biteni anlat\u0131r.<\/div>\n<div><\/div>\n<div>K\u00f6r, teselli vererek, \u00fcz\u00fclmemesini, kendi evine gelmesini, evinde kalmas\u0131n\u0131, ekme\u011fini \u00e7orbas\u0131n\u0131 kendisiyle payla\u015fmas\u0131n\u0131 ister ve \u0131srarda eder. Fakir onun i\u00e7tenli\u011fi ve \u0131srar\u0131 kar\u015f\u0131s\u0131nda kabul eder, onunla gider.<\/div>\n<div><\/div>\n<div>K\u00f6r ona kar\u015f\u0131 \u00e7ok g\u00fczel bir konukseverlik g\u00f6sterir. Fakirin, hem karn\u0131 doyar hem de g\u00f6nl\u00fc ho\u015f olur.<\/div>\n<div>G\u00f6nl\u00fc \u00f6yle ho\u015f olur ki, o ho\u015fnutluk i\u00e7inde:<\/div>\n<div>&#8211; Sen bana evini a\u00e7t\u0131n, sen bana g\u00f6nl\u00fcn\u00fc a\u00e7t\u0131n, Kadir Mevlamda senin g\u00f6z\u00fcn\u00fc a\u00e7s\u0131n, diye dua eder.<\/div>\n<div><\/div>\n<div>Gece olur, k\u00f6rde bir gariplenir bir gariplenirki, o gariplik i\u00e7ersinde g\u00f6z\u00fcnden birka\u00e7 damla ya\u015f damlar, g\u00f6zleri birden a\u00e7\u0131l\u0131r. G\u00f6rme\u011fe ba\u015flar.<\/div>\n<div><\/div>\n<div>K\u00f6r\u00fcn g\u00f6rmesi ile ilgili haber bir anda \u015fehirde yay\u0131l\u0131r. Yer yerinden oynar. Bu haberi onu kap\u0131s\u0131ndan kovan, kovmakla kalmayan ta\u015f y\u00fcreklide duyar. \u0130\u015fin do\u011frulu\u011funu anlamak i\u00e7in g\u00f6z\u00fc a\u00e7\u0131lan \u015fahsa gelir:<\/div>\n<div>&#8211; \u00c7ok \u015fansl\u0131ym\u0131\u015fs\u0131n. G\u00f6z\u00fcn nas\u0131l a\u00e7\u0131ld\u0131, kim a\u00e7t\u0131.<\/div>\n<div>&#8211; Hey! seni gidi gafil seni, sen nas\u0131l bir adamm\u0131\u015fs\u0131nki, \u00f6yle bir m\u00fcbarek zat\u0131 azarlad\u0131n, \u00fczd\u00fcn, y\u00fcz\u00fcn\u00fc y\u0131kt\u0131n. devlet ku\u015funu b\u0131rakt\u0131n, bayku\u015f ile me\u015fgul oldun. G\u00f6z\u00fcm\u00fcn kap\u0131s\u0131n\u0131, senin y\u00fcz\u00fcne kap\u0131y\u0131 kapatt\u0131\u011f\u0131n o kimse a\u00e7t\u0131.<\/div>\n<div>&#8211; Desene kendime yaz\u0131k ettim, \u00f6yle bir do\u011fanm\u0131\u015fki \u00f6yle bir devletmi\u015f ki, k\u0131ymetini bilemedim, bana de\u011fil sana nasip oldu, ben avlayamad\u0131m sen avlad\u0131n, der ve k\u0131skan\u00e7l\u0131kla parma\u011f\u0131n\u0131 \u0131s\u0131r\u0131r.<\/div>\n<div><\/div>\n<div>Di\u015fini s\u0131\u00e7an gibi h\u0131rsa bat\u0131rm\u0131\u015f kimse koca do\u011fan\u0131 nas\u0131l avlayabilir? \u0130yilerin bast\u0131klar\u0131 toprak dermand\u0131e, g\u00f6z a\u00e7ar. ancakg\u00f6n\u00fcl g\u00f6z\u00fc k\u00f6r olanlar o dermandan gafildirler, k\u0131ymetini ne bilsinler.<\/div>\n<div><\/div>\n<div>Bostan ve G\u00fclistan&#8217;dan uyarlanm\u0131\u015ft\u0131r.<\/div>\n<\/p>","protected":false},"excerpt":{"rendered":"<p>Fakir ve k\u00f6r Kibirli ve zengin birisi kap\u0131s\u0131na gelen bir fakire bir \u015fey vermedi\u011fi gibi, onu hem azarlar hem de&#46;&#46;&#46;<\/p>\n","protected":false},"author":1,"featured_media":861,"comment_status":"open","ping_status":"open","sticky":false,"template":"","format":"standard","meta":{"footnotes":""},"categories":[16,5,11],"tags":[],"manset":[],"class_list":["post-860","post","type-post","status-publish","format-standard","has-post-thumbnail","hentry","category-guzel-hikayeler","category-ibretlik-hikayeler","category-kisa-hikayeler"],"_links":{"self":[{"href":"https:\/\/www.dostkelimeler.com\/hikaye\/wp-json\/wp\/v2\/posts\/860","targetHints":{"allow":["GET"]}}],"collection":[{"href":"https:\/\/www.dostkelimeler.com\/hikaye\/wp-json\/wp\/v2\/posts"}],"about":[{"href":"https:\/\/www.dostkelimeler.com\/hikaye\/wp-json\/wp\/v2\/types\/post"}],"author":[{"embeddable":true,"href":"https:\/\/www.dostkelimeler.com\/hikaye\/wp-json\/wp\/v2\/users\/1"}],"replies":[{"embeddable":true,"href":"https:\/\/www.dostkelimeler.com\/hikaye\/wp-json\/wp\/v2\/comments?post=860"}],"version-history":[{"count":1,"href":"https:\/\/www.dostkelimeler.com\/hikaye\/wp-json\/wp\/v2\/posts\/860\/revisions"}],"predecessor-version":[{"id":1959,"href":"https:\/\/www.dostkelimeler.com\/hikaye\/wp-json\/wp\/v2\/posts\/860\/revisions\/1959"}],"wp:featuredmedia":[{"embeddable":true,"href":"https:\/\/www.dostkelimeler.com\/hikaye\/wp-json\/wp\/v2\/media\/861"}],"wp:attachment":[{"href":"https:\/\/www.dostkelimeler.com\/hikaye\/wp-json\/wp\/v2\/media?parent=860"}],"wp:term":[{"taxonomy":"category","embeddable":true,"href":"https:\/\/www.dostkelimeler.com\/hikaye\/wp-json\/wp\/v2\/categories?post=860"},{"taxonomy":"post_tag","embeddable":true,"href":"https:\/\/www.dostkelimeler.com\/hikaye\/wp-json\/wp\/v2\/tags?post=860"},{"taxonomy":"manset","embeddable":true,"href":"https:\/\/www.dostkelimeler.com\/hikaye\/wp-json\/wp\/v2\/manset?post=860"}],"curies":[{"name":"wp","href":"https:\/\/api.w.org\/{rel}","templated":true}]}}