{"id":814,"date":"2026-02-25T14:44:00","date_gmt":"2026-02-25T14:44:00","guid":{"rendered":"https:\/\/dostkelimeler.com\/hikaye\/2016\/07\/27\/omur-boyu-ilim\/"},"modified":"2026-02-26T06:35:43","modified_gmt":"2026-02-26T06:35:43","slug":"omur-boyu-ilim","status":"publish","type":"post","link":"https:\/\/www.dostkelimeler.com\/hikaye\/omur-boyu-ilim\/","title":{"rendered":"\u00d6m\u00fcr boyu ilim"},"content":{"rendered":"<p><b><span style=\"color: black; font-family: Verdana;\">\u00d6m\u00fcr boyu ilim<\/span><\/b><\/p>\n<div>Abbas\u00ee hal\u00eefelerinden Me&#8217;m\u00fbn, meclisindeki \u00e2limlerle f\u0131kh\u00ee mes&#8217;eleleri konu\u015furken, amcas\u0131 \u0130brahim bin Mehd\u00ee i\u00e7eriye girdi.<\/div>\n<div><\/div>\n<div>Me&#8217;m\u00fbn ona:<\/div>\n<div><\/div>\n<div>Amca, bu \u00e2limlerin s\u00f6yledikleri hakk\u0131nda sen ne dersin? diye sordu. Amcas\u0131:<\/div>\n<div><\/div>\n<div>Ey m\u00fc&#8217;minlerin em\u00eeri! \u00c7ocuklu\u011fumuzda bizi, birtak\u0131m \u015feylerle me\u015fgul ettiler. \u0130htiyarl\u0131\u011f\u0131m\u0131zda da biz kendimizi me\u015fgul ettik&#8230; B\u00f6ylece ilimden mahrum kald\u0131k, dedi.<\/div>\n<div><\/div>\n<div>Me&#8217;m\u00fbn, bunun \u00fczerine:<\/div>\n<div><\/div>\n<div>\u015eimdi okuman\u0131zda ne m\u00e2ni vard\u0131r? deyince, amcas\u0131:<\/div>\n<div><\/div>\n<div>Bizim gibi ihtiyarlara okumak yak\u0131\u015f\u0131r m\u0131? diye cevap verdi.<\/div>\n<div><\/div>\n<div>Me&#8217;m\u00fbn:<\/div>\n<div><\/div>\n<div>Evet, vall\u00e2hi ilim talebesi olarak \u00f6lmen, ceh\u00e2lete kanaat ederek ya\u015famandan hay\u0131rl\u0131d\u0131r, dedi.<\/div>\n<div><\/div>\n<div>Amcas\u0131:<\/div>\n<div><\/div>\n<div>Ne zamana kadar okumak bana yak\u0131\u015f\u0131r? diye sorunca da, hal\u00eefe Me&#8217;m\u00fbn:<\/div>\n<div><\/div>\n<div>Hayat sana yak\u0131\u015ft\u0131\u011f\u0131 (yani hayatta oldu\u011fun) m\u00fcddet\u00e7e&#8230; cevab\u0131n\u0131 verdi.<\/div>\n<\/p>","protected":false},"excerpt":{"rendered":"<p>\u00d6m\u00fcr boyu ilim Abbas\u00ee hal\u00eefelerinden Me&#8217;m\u00fbn, meclisindeki \u00e2limlerle f\u0131kh\u00ee mes&#8217;eleleri konu\u015furken, amcas\u0131 \u0130brahim bin Mehd\u00ee i\u00e7eriye girdi. Me&#8217;m\u00fbn ona: Amca,&#46;&#46;&#46;<\/p>\n","protected":false},"author":1,"featured_media":815,"comment_status":"open","ping_status":"open","sticky":false,"template":"","format":"standard","meta":{"footnotes":""},"categories":[3,5,52,21,11],"tags":[],"manset":[],"class_list":["post-814","post","type-post","status-publish","format-standard","has-post-thumbnail","hentry","category-dini-hikayeler","category-ibretlik-hikayeler","category-ilim-hikayeleri","category-islam-buyukleri-hikayeleri","category-kisa-hikayeler"],"_links":{"self":[{"href":"https:\/\/www.dostkelimeler.com\/hikaye\/wp-json\/wp\/v2\/posts\/814","targetHints":{"allow":["GET"]}}],"collection":[{"href":"https:\/\/www.dostkelimeler.com\/hikaye\/wp-json\/wp\/v2\/posts"}],"about":[{"href":"https:\/\/www.dostkelimeler.com\/hikaye\/wp-json\/wp\/v2\/types\/post"}],"author":[{"embeddable":true,"href":"https:\/\/www.dostkelimeler.com\/hikaye\/wp-json\/wp\/v2\/users\/1"}],"replies":[{"embeddable":true,"href":"https:\/\/www.dostkelimeler.com\/hikaye\/wp-json\/wp\/v2\/comments?post=814"}],"version-history":[{"count":1,"href":"https:\/\/www.dostkelimeler.com\/hikaye\/wp-json\/wp\/v2\/posts\/814\/revisions"}],"predecessor-version":[{"id":2498,"href":"https:\/\/www.dostkelimeler.com\/hikaye\/wp-json\/wp\/v2\/posts\/814\/revisions\/2498"}],"wp:featuredmedia":[{"embeddable":true,"href":"https:\/\/www.dostkelimeler.com\/hikaye\/wp-json\/wp\/v2\/media\/815"}],"wp:attachment":[{"href":"https:\/\/www.dostkelimeler.com\/hikaye\/wp-json\/wp\/v2\/media?parent=814"}],"wp:term":[{"taxonomy":"category","embeddable":true,"href":"https:\/\/www.dostkelimeler.com\/hikaye\/wp-json\/wp\/v2\/categories?post=814"},{"taxonomy":"post_tag","embeddable":true,"href":"https:\/\/www.dostkelimeler.com\/hikaye\/wp-json\/wp\/v2\/tags?post=814"},{"taxonomy":"manset","embeddable":true,"href":"https:\/\/www.dostkelimeler.com\/hikaye\/wp-json\/wp\/v2\/manset?post=814"}],"curies":[{"name":"wp","href":"https:\/\/api.w.org\/{rel}","templated":true}]}}