{"id":806,"date":"2023-12-20T14:21:45","date_gmt":"2023-12-20T14:21:45","guid":{"rendered":"https:\/\/dostkelimeler.com\/hikaye\/2018\/11\/27\/vakti-saati-gelince-olur\/"},"modified":"2023-12-21T06:58:11","modified_gmt":"2023-12-21T06:58:11","slug":"vakti-saati-gelince-olur","status":"publish","type":"post","link":"https:\/\/www.dostkelimeler.com\/hikaye\/vakti-saati-gelince-olur\/","title":{"rendered":"Vakti Saati Gelince Olur"},"content":{"rendered":"<p><b><span style=\"color: black; font-family: Verdana;\">Vakti Saati Gelince Olur<\/span><\/b><\/p>\n<p>M\u00fcsl\u00fcmanlardan birinin yah\u00fbd\u00ee bir orta\u011f\u0131 vard\u0131. Orta\u011f\u0131n\u0131 ne kadar \u0130sl\u00e2ma davet etti ise de, m\u00fcsl\u00fcmanl\u0131\u011f\u0131 kabul etmedi. Hatt\u00e2 bu orta\u011f\u0131na;<\/p>\n<p>&#8220;E\u011fer m\u00fcsl\u00fcman olursan, mal\u0131m\u0131n \u00fc\u00e7te birini sana veririm.&#8221; dedi. Yah\u00fbd\u00ee yine kab\u00fbl etmedi.<\/p>\n<p>O m\u00fcsl\u00fcman ba\u015fka bir g\u00fcn;<\/p>\n<p>&#8220;E\u011fer m\u00fcsl\u00fcman olursan, mal\u0131m\u0131n yar\u0131s\u0131n\u0131 sana veririm.&#8221; demesine ra\u011fmen yine kab\u00fbl etmedi.<\/p>\n<p>M\u00fcsl\u00fcman t\u00fcccar bir s\u00fcre sonra;<\/p>\n<p>&#8220;E\u011fer m\u00fcsl\u00fcman olursan, mal\u0131m\u0131n \u00fc\u00e7te ikisini sana veririm.&#8221; dedi.Yah\u00fbd\u00ee yine kab\u00fbl etmedi.<\/p>\n<p>M\u00fcsl\u00fcman t\u00fcccar art\u0131k orta\u011f\u0131n\u0131n m\u00fcsl\u00fcman olmas\u0131ndan \u00fcmidini iyice kesmi\u015fti. O m\u00fcsl\u00fcman, bir g\u00fcn\u00a0Eb\u00fb Sa\u00eed M\u00eehen\u00ee&#8217;nin derg\u00e2h\u0131n\u0131n yan\u0131ndan ge\u00e7iyordu. Yah\u00fbd\u00ee orta\u011f\u0131 da yan\u0131nda idi. Bu s\u0131rada derg\u00e2ha girdi. Eb\u00fb Sa\u00eed M\u00eehen\u00ee bu s\u0131rada sohbet ediyordu. Yah\u00fbd\u00ee orta\u011f\u0131 da kendi kendine;<\/p>\n<p>&#8220;Ben de mescide gireyim, bir dinleyeyim, bakal\u0131m neler anlat\u0131yor. Onun halk aras\u0131nda kab\u00fbl g\u00f6rmesinin sebebi nedir bir g\u00f6reyim? diye d\u00fc\u015f\u00fcnd\u00fc.\u00a0 Yah\u00fbd\u00ee oldu\u011fuma d\u00e2ir \u00fczerimde her hangi bir i\u015f\u00e2ret olmad\u0131\u011f\u0131 i\u00e7in beni nas\u0131l olsa tan\u0131maz.&#8221; dedi. Yah\u00fbd\u00ee, gizlenerek mescide girdi. Bir dire\u011fin arkas\u0131na oturdu. Eb\u00fb Sa\u00eed M\u00eehen\u00ee sohbet s\u0131ras\u0131nda bir ara yah\u00fbd\u00eenin arkas\u0131nda oturdu\u011fu dire\u011fe do\u011fru d\u00f6nerek;<\/p>\n<p>&#8220;Ey yah\u00fbd\u00ee! Dire\u011fin arkas\u0131nda ne kadar kendini gizlemeye \u00e7al\u0131\u015fsan da gizlenemezsin.&#8221; dedi.<\/p>\n<p>Yah\u00fbd\u00ee gayri ihtiy\u00e2r\u00ee aya\u011fa kalkt\u0131. Eb\u00fb Sa\u00eed M\u00eehen\u00ee&#8217;nin yan\u0131na vard\u0131. Eb\u00fb Sa\u00eed hazretleri ona m\u00fcsl\u00fcman olmas\u0131n\u0131 s\u00f6yleyince, bu d\u00e2veti kab\u00fbl edip, m\u00fcsl\u00fcman oldu.<\/p>\n<p>Eb\u00fb Sa\u00eed hazretleri ona;<\/p>\n<p>&#8220;\u015eimdi orta\u011f\u0131n\u0131n yan\u0131na git. Sana m\u00fcsl\u00fcmanl\u0131\u011f\u0131 \u00f6\u011fretsin. \u0130\u015fler vakti zam\u00e2n\u0131 gelince olur. Ondan \u00f6nce olmaz. Zam\u00e2n\u0131 gelince m\u00fcsl\u00fcman olmak i\u00e7in mal\u0131n \u00fc\u00e7te birine, yar\u0131s\u0131na ve \u00fc\u00e7te ikisini vermeye h\u00e2cet kalmaz.&#8221; buyurdular.<\/p><div class=\"kanews-banner kanews-banner-single\"><script async src=\"https:\/\/pagead2.googlesyndication.com\/pagead\/js\/adsbygoogle.js?client=ca-pub-8343660164149527\"\r\n     crossorigin=\"anonymous\"><\/script>\r\n<ins class=\"adsbygoogle\"\r\n     style=\"display:block; text-align:center;\"\r\n     data-ad-layout=\"in-article\"\r\n     data-ad-format=\"fluid\"\r\n     data-ad-client=\"ca-pub-8343660164149527\"\r\n     data-ad-slot=\"5722160345\"><\/ins>\r\n<script>\r\n     (adsbygoogle = window.adsbygoogle || []).push({});\r\n<\/script><\/div>\n<p>&nbsp;<\/p>\n<p>&nbsp;<\/p>\n","protected":false},"excerpt":{"rendered":"<p>Vakti Saati Gelince Olur M\u00fcsl\u00fcmanlardan birinin yah\u00fbd\u00ee bir orta\u011f\u0131 vard\u0131. Orta\u011f\u0131n\u0131 ne kadar \u0130sl\u00e2ma davet etti ise de, m\u00fcsl\u00fcmanl\u0131\u011f\u0131 kabul&#46;&#46;&#46;<\/p>\n","protected":false},"author":1,"featured_media":807,"comment_status":"open","ping_status":"open","sticky":false,"template":"","format":"standard","meta":{"footnotes":""},"categories":[3,36,5,21,42],"tags":[82,83,84],"manset":[],"class_list":["post-806","post","type-post","status-publish","format-standard","has-post-thumbnail","hentry","category-dini-hikayeler","category-hidayet-hikayeleri","category-ibretlik-hikayeler","category-islam-buyukleri-hikayeleri","category-keramet-kissalari","tag-hidayet-hikayeleri","tag-hidayet-hikayesi","tag-hidayet-kissasi"],"_links":{"self":[{"href":"https:\/\/www.dostkelimeler.com\/hikaye\/wp-json\/wp\/v2\/posts\/806","targetHints":{"allow":["GET"]}}],"collection":[{"href":"https:\/\/www.dostkelimeler.com\/hikaye\/wp-json\/wp\/v2\/posts"}],"about":[{"href":"https:\/\/www.dostkelimeler.com\/hikaye\/wp-json\/wp\/v2\/types\/post"}],"author":[{"embeddable":true,"href":"https:\/\/www.dostkelimeler.com\/hikaye\/wp-json\/wp\/v2\/users\/1"}],"replies":[{"embeddable":true,"href":"https:\/\/www.dostkelimeler.com\/hikaye\/wp-json\/wp\/v2\/comments?post=806"}],"version-history":[{"count":1,"href":"https:\/\/www.dostkelimeler.com\/hikaye\/wp-json\/wp\/v2\/posts\/806\/revisions"}],"predecessor-version":[{"id":1963,"href":"https:\/\/www.dostkelimeler.com\/hikaye\/wp-json\/wp\/v2\/posts\/806\/revisions\/1963"}],"wp:featuredmedia":[{"embeddable":true,"href":"https:\/\/www.dostkelimeler.com\/hikaye\/wp-json\/wp\/v2\/media\/807"}],"wp:attachment":[{"href":"https:\/\/www.dostkelimeler.com\/hikaye\/wp-json\/wp\/v2\/media?parent=806"}],"wp:term":[{"taxonomy":"category","embeddable":true,"href":"https:\/\/www.dostkelimeler.com\/hikaye\/wp-json\/wp\/v2\/categories?post=806"},{"taxonomy":"post_tag","embeddable":true,"href":"https:\/\/www.dostkelimeler.com\/hikaye\/wp-json\/wp\/v2\/tags?post=806"},{"taxonomy":"manset","embeddable":true,"href":"https:\/\/www.dostkelimeler.com\/hikaye\/wp-json\/wp\/v2\/manset?post=806"}],"curies":[{"name":"wp","href":"https:\/\/api.w.org\/{rel}","templated":true}]}}