{"id":800,"date":"2026-02-23T14:12:35","date_gmt":"2026-02-23T14:12:35","guid":{"rendered":"https:\/\/dostkelimeler.com\/hikaye\/2016\/07\/27\/uc-mesele\/"},"modified":"2026-02-24T05:57:08","modified_gmt":"2026-02-24T05:57:08","slug":"uc-mesele","status":"publish","type":"post","link":"https:\/\/www.dostkelimeler.com\/hikaye\/uc-mesele\/","title":{"rendered":"\u00dc\u00e7 mesele"},"content":{"rendered":"<p><b><span style=\"color: black; font-family: Verdana;\">\u00dc\u00e7 mesele<\/span><\/b><\/p>\n<div>\u0130mam-\u0131 Azam Ebu Hanife Hazretleri (ra), hac i\u00e7in yola \u00e7\u0131k\u0131p Medine&#8217;ye ula\u015ft\u0131\u011f\u0131nda kar\u015f\u0131la\u015ft\u0131\u011f\u0131 Seyyid Muhammed B\u00e2k\u0131r Hazretleriyle aras\u0131nda \u015f\u00f6yle bir konu\u015fma ge\u00e7er. Seyyid Muhammed B\u00e2k\u0131r:<\/div>\n<div>-Sen kendi akl\u0131nca k\u0131yas yaparak, Peygamber dedemin dinini ve hadislerini de\u011fi\u015ftiriyorsun, der.<\/div>\n<div>-B\u00f6yle bir \u015fey yapmaktan Allah&#8217;a s\u0131\u011f\u0131n\u0131r\u0131m efendim. L\u00fctfen oturunuz. Rasulullah&#8217;a oldu\u011fu gibi benim size de h\u00fcrmetim var, der \u0130mam-\u0131 Azam. Seyyid Muhammed B\u00e2k\u0131r&#8217;a yer g\u00f6sterir. Her ikisi de yerini ald\u0131ktan sonra Ebu Hanife Hazretleri s\u00f6ze ba\u015flar:<\/div>\n<div>-\u00dc\u00e7 mesele soraca\u011f\u0131m. Birincisi \u015fu: Erkek mi daha g\u00fc\u00e7s\u00fcz kad\u0131n m\u0131?<\/div>\n<div>-Kad\u0131n erkekten g\u00fc\u00e7s\u00fczd\u00fcr.<\/div>\n<div>-Mirasta adam\u0131n pay\u0131 ka\u00e7, kad\u0131n\u0131n ka\u00e7t\u0131r?<\/div>\n<div>-Erke\u011fin mirastaki pay\u0131 iki, kad\u0131n\u0131n birdir.<\/div>\n<div>-\u0130\u015fte bu ceddin Peygamber s.a.v.&#8217;in s\u00f6z\u00fcd\u00fcr. E\u011fer onun dinini de\u011fi\u015ftirmi\u015f olsam, benim ak\u0131l ve k\u0131yas yoluyla, kad\u0131n daha zay\u0131f oldu\u011fu i\u00e7in ona iki pay, erke\u011fe bir pay d\u00fc\u015fer derdim.<\/div>\n<div>Ebu Hanife Hazretleri tekrar sorar:<\/div>\n<div>-Namaz m\u0131 daha \u00fcst\u00fcn, oru\u00e7 mu?<\/div>\n<div>-Namaz oru\u00e7tan \u00fcst\u00fcnd\u00fcr.<\/div>\n<div>-\u0130\u015fte bu da deden Rasulullah&#8217;\u0131n s\u00f6z\u00fcd\u00fcr. E\u011fer ceddinin dinini ak\u0131l ve k\u0131yasla de\u011fi\u015ftirmi\u015f olsayd\u0131m, \u00e2det halindeki kad\u0131n\u0131n k\u0131lamad\u0131\u011f\u0131 namazlar\u0131 kaza etmesini, orucu kaza etmemesini emrederdim.<\/div>\n<div>Ebu Hanife Hazretleri \u00fc\u00e7\u00fcnc\u00fc soruyu sorar:<\/div>\n<div>-Sidik mi daha pis, meni mi?<\/div>\n<div>-Sidik meniden pistir.<\/div>\n<div>-E\u011fer deden Peygamber s.a.v.&#8217;in dinini k\u0131yasla de\u011fi\u015ftirmi\u015f olsayd\u0131m, sidikten dolay\u0131 gusletmek gerekti\u011fini ve meniden dolay\u0131 da sadece abdest almak gerekti\u011fini s\u00f6ylerdim. Fakat ak\u0131l ve k\u0131yasla bu dini de\u011fi\u015ftirmekten Allah&#8217;a s\u0131\u011f\u0131n\u0131r\u0131m.<\/div>\n<div><\/div>\n<div>Seyyid Muhammed B\u00e2k\u0131r Hazretleri yerinden kalkar ve Ebu Hanife&#8217;yi kucaklar. Tebrik edip ona ikramda bulunur.<\/div>\n<div><\/div>\n<div>Yusuf Yavuz Semerkand<\/div>\n<\/p>","protected":false},"excerpt":{"rendered":"<p>\u00dc\u00e7 mesele \u0130mam-\u0131 Azam Ebu Hanife Hazretleri (ra), hac i\u00e7in yola \u00e7\u0131k\u0131p Medine&#8217;ye ula\u015ft\u0131\u011f\u0131nda kar\u015f\u0131la\u015ft\u0131\u011f\u0131 Seyyid Muhammed B\u00e2k\u0131r Hazretleriyle aras\u0131nda&#46;&#46;&#46;<\/p>\n","protected":false},"author":1,"featured_media":801,"comment_status":"open","ping_status":"open","sticky":false,"template":"","format":"standard","meta":{"footnotes":""},"categories":[3,5,21],"tags":[],"manset":[],"class_list":["post-800","post","type-post","status-publish","format-standard","has-post-thumbnail","hentry","category-dini-hikayeler","category-ibretlik-hikayeler","category-islam-buyukleri-hikayeleri"],"_links":{"self":[{"href":"https:\/\/www.dostkelimeler.com\/hikaye\/wp-json\/wp\/v2\/posts\/800","targetHints":{"allow":["GET"]}}],"collection":[{"href":"https:\/\/www.dostkelimeler.com\/hikaye\/wp-json\/wp\/v2\/posts"}],"about":[{"href":"https:\/\/www.dostkelimeler.com\/hikaye\/wp-json\/wp\/v2\/types\/post"}],"author":[{"embeddable":true,"href":"https:\/\/www.dostkelimeler.com\/hikaye\/wp-json\/wp\/v2\/users\/1"}],"replies":[{"embeddable":true,"href":"https:\/\/www.dostkelimeler.com\/hikaye\/wp-json\/wp\/v2\/comments?post=800"}],"version-history":[{"count":1,"href":"https:\/\/www.dostkelimeler.com\/hikaye\/wp-json\/wp\/v2\/posts\/800\/revisions"}],"predecessor-version":[{"id":2494,"href":"https:\/\/www.dostkelimeler.com\/hikaye\/wp-json\/wp\/v2\/posts\/800\/revisions\/2494"}],"wp:featuredmedia":[{"embeddable":true,"href":"https:\/\/www.dostkelimeler.com\/hikaye\/wp-json\/wp\/v2\/media\/801"}],"wp:attachment":[{"href":"https:\/\/www.dostkelimeler.com\/hikaye\/wp-json\/wp\/v2\/media?parent=800"}],"wp:term":[{"taxonomy":"category","embeddable":true,"href":"https:\/\/www.dostkelimeler.com\/hikaye\/wp-json\/wp\/v2\/categories?post=800"},{"taxonomy":"post_tag","embeddable":true,"href":"https:\/\/www.dostkelimeler.com\/hikaye\/wp-json\/wp\/v2\/tags?post=800"},{"taxonomy":"manset","embeddable":true,"href":"https:\/\/www.dostkelimeler.com\/hikaye\/wp-json\/wp\/v2\/manset?post=800"}],"curies":[{"name":"wp","href":"https:\/\/api.w.org\/{rel}","templated":true}]}}