{"id":725,"date":"2016-07-27T08:32:28","date_gmt":"2016-07-27T08:32:28","guid":{"rendered":"https:\/\/dostkelimeler.com\/hikaye\/2016\/07\/27\/haricilerin-tevbesi\/"},"modified":"2016-07-27T08:32:28","modified_gmt":"2016-07-27T08:32:28","slug":"haricilerin-tevbesi","status":"publish","type":"post","link":"https:\/\/www.dostkelimeler.com\/hikaye\/haricilerin-tevbesi\/","title":{"rendered":"Haricilerin Tevbesi"},"content":{"rendered":"<p><b><span style=\"color: black; font-family: Verdana;\">Haricilerin Tevbesi<\/span><\/b><\/p>\n<p>\u0130mam-\u0131 Azam Ebu Hanife ra., hi\u00e7bir m\u00fcsl\u00fcman\u0131 g\u00fcnah\u0131ndan dolay\u0131 tekfir etmez, k\u00e2fir oldu\u011funa h\u00fck\u00fcm vermezdi. Onun ya\u015fad\u0131\u011f\u0131 d\u00f6nemde etkili bir topluluk olan Haric\u00eeler ise b\u00fcy\u00fck g\u00fcnah i\u015fleyen herkese &#8216;k\u00e2fir&#8217; damgas\u0131n\u0131 bas\u0131yorlard\u0131. Ebu Hanife&#8217;nin durumunu bilen ve onun sesini kesmek isteyen yetmi\u015f kadar g\u00f6z\u00fc d\u00f6nm\u00fc\u015f Haric\u00ee, bir g\u00fcn k\u0131l\u0131\u00e7lar\u0131n\u0131 k\u0131nlar\u0131ndan s\u0131y\u0131rm\u0131\u015f vaziyette onun huzuruna \u00e7\u0131kt\u0131lar ve dediler ki:<\/p>\n<p>-Ey Ebu Hanife, ey bu \u00fcmmetin d\u00fc\u015fman\u0131 ve \u015feytan\u0131! Seni \u00f6ld\u00fcrmek bizler i\u00e7in yetmi\u015f y\u0131l cihad etmekten daha \u00f6nemlidir.<\/p>\n<p>\u0130mam-\u0131 Azam Hazretleri onlara \u015f\u00f6yle dedi:<\/p>\n<p>-K\u0131l\u0131\u00e7lar\u0131n\u0131z\u0131 k\u0131n\u0131na koyun, par\u0131lt\u0131lar\u0131 beni korkutuyor.<\/p>\n<p>-Biz k\u0131l\u0131\u00e7lar\u0131m\u0131z\u0131 senin kan\u0131nla k\u0131nalamak istiyoruz, dediler.<\/p>\n<p>Bu tehdid kar\u015f\u0131s\u0131nda \u0130mam-\u0131 Azam:<\/p>\n<p>-Sorun da konu\u015fal\u0131m, deyip sorunu konu\u015farak \u00e7\u00f6zmeyi \u00f6nerdi.<\/p>\n<p>Haric\u00eeler teklifi kabul edip:<\/p>\n<p>-Mescidin kap\u0131s\u0131nda iki cenaze. Biri \u015farap i\u00e7mi\u015f, \u015farapta bo\u011fularak \u00f6lm\u00fc\u015f bir adam. Di\u011feri de zina etmi\u015f, gebe kal\u0131nca kendini \u00f6ld\u00fcrm\u00fc\u015f bir kad\u0131n. Bunlar hakk\u0131nda ne dersin? diye sordular.<\/p>\n<p>-Bunlar hangi dinden? Yahudi, h\u0131ristiyan yahut mecusi mi? diye sordu<\/p>\n<p>\u0130mam-\u0131 Azam.-Hi\u00e7biri de\u011fil. Bunlar Allah&#8217;tan ba\u015fka il\u00e2h olmad\u0131\u011f\u0131na ve Muhammed s.a.v.&#8217;in O&#8217;nun kulu ve Rasul\u00fc oldu\u011funa inanan dindendir, dedi Haric\u00eeler.<\/p>\n<p>\u0130mam-\u0131 Azam sordu:<\/p><div class=\"kanews-banner kanews-banner-single\"><script async src=\"https:\/\/pagead2.googlesyndication.com\/pagead\/js\/adsbygoogle.js?client=ca-pub-8343660164149527\"\r\n     crossorigin=\"anonymous\"><\/script>\r\n<ins class=\"adsbygoogle\"\r\n     style=\"display:block; text-align:center;\"\r\n     data-ad-layout=\"in-article\"\r\n     data-ad-format=\"fluid\"\r\n     data-ad-client=\"ca-pub-8343660164149527\"\r\n     data-ad-slot=\"5722160345\"><\/ins>\r\n<script>\r\n     (adsbygoogle = window.adsbygoogle || []).push({});\r\n<\/script><\/div>\n<p>-Kelime-i \u015eehadet iman\u0131n ka\u00e7ta ka\u00e7\u0131d\u0131r?<\/p>\n<p>-\u0130man bir b\u00fct\u00fcnd\u00fcr, par\u00e7a par\u00e7a olmaz, diye cevaplad\u0131 Haric\u00eeler.<\/p>\n<p>\u0130mam-\u0131 Azam:<\/p>\n<p>-\u0130\u015fte bunlar\u0131n m\u00fc&#8217;min oldu\u011funu kendiniz de kabul ediyorsunuz, diyerek ihtilafl\u0131 konuda hakl\u0131 taraf oldu\u011funu g\u00f6sterdi. Hatta Haric\u00eelerin sordu\u011fu:<\/p>\n<p>-Senden \u00f6\u011frenmek istiyoruz, bunlar cennetlik mi cehennemlik mi? sorusuna verdi\u011fi:<\/p>\n<p>-Onlar hakk\u0131nda, Allah&#8217;\u0131n peygamberi \u0130sa a.s.&#8217;\u0131n onlardan \u00e7ok daha g\u00fcnahk\u00e2r kimseler i\u00e7in s\u00f6yledi\u011fi \u015feyi s\u00f6ylerim:<\/p>\n<p>&#8216;(Rabbim) e\u011fer onlara azab edersen, \u015f\u00fcphesiz ki onlar senin kullar\u0131nd\u0131r. Kendilerini ba\u011f\u0131\u015flarsan, elbette mutlak izzet ve hikmet sahibi olan da sensin.&#8217; (M\u00e2ide,118), cevab\u0131 da Haric\u00eelerin silahlar\u0131n\u0131 at\u0131p tevbe etmelerine yol a\u00e7t\u0131. Yanl\u0131\u015f inan\u00e7lar\u0131ndan vazge\u00e7erek, g\u00f6n\u00fcl huzuruyla d\u00f6n\u00fcp gittiler.<\/p>\n<p>Yusuf Yavuz<\/p>\n<p>Semerkand dergisinden al\u0131nm\u0131\u015ft\u0131r.<\/p>\n","protected":false},"excerpt":{"rendered":"<p>Haricilerin Tevbesi \u0130mam-\u0131 Azam Ebu Hanife ra., hi\u00e7bir m\u00fcsl\u00fcman\u0131 g\u00fcnah\u0131ndan dolay\u0131 tekfir etmez, k\u00e2fir oldu\u011funa h\u00fck\u00fcm vermezdi. Onun ya\u015fad\u0131\u011f\u0131 d\u00f6nemde&#46;&#46;&#46;<\/p>\n","protected":false},"author":1,"featured_media":726,"comment_status":"open","ping_status":"open","sticky":false,"template":"","format":"standard","meta":{"footnotes":""},"categories":[3,5,21,64],"tags":[],"manset":[],"class_list":["post-725","post","type-post","status-publish","format-standard","has-post-thumbnail","hentry","category-dini-hikayeler","category-ibretlik-hikayeler","category-islam-buyukleri-hikayeleri","category-tovbe-hikayeleri"],"_links":{"self":[{"href":"https:\/\/www.dostkelimeler.com\/hikaye\/wp-json\/wp\/v2\/posts\/725","targetHints":{"allow":["GET"]}}],"collection":[{"href":"https:\/\/www.dostkelimeler.com\/hikaye\/wp-json\/wp\/v2\/posts"}],"about":[{"href":"https:\/\/www.dostkelimeler.com\/hikaye\/wp-json\/wp\/v2\/types\/post"}],"author":[{"embeddable":true,"href":"https:\/\/www.dostkelimeler.com\/hikaye\/wp-json\/wp\/v2\/users\/1"}],"replies":[{"embeddable":true,"href":"https:\/\/www.dostkelimeler.com\/hikaye\/wp-json\/wp\/v2\/comments?post=725"}],"version-history":[{"count":0,"href":"https:\/\/www.dostkelimeler.com\/hikaye\/wp-json\/wp\/v2\/posts\/725\/revisions"}],"wp:featuredmedia":[{"embeddable":true,"href":"https:\/\/www.dostkelimeler.com\/hikaye\/wp-json\/wp\/v2\/media\/726"}],"wp:attachment":[{"href":"https:\/\/www.dostkelimeler.com\/hikaye\/wp-json\/wp\/v2\/media?parent=725"}],"wp:term":[{"taxonomy":"category","embeddable":true,"href":"https:\/\/www.dostkelimeler.com\/hikaye\/wp-json\/wp\/v2\/categories?post=725"},{"taxonomy":"post_tag","embeddable":true,"href":"https:\/\/www.dostkelimeler.com\/hikaye\/wp-json\/wp\/v2\/tags?post=725"},{"taxonomy":"manset","embeddable":true,"href":"https:\/\/www.dostkelimeler.com\/hikaye\/wp-json\/wp\/v2\/manset?post=725"}],"curies":[{"name":"wp","href":"https:\/\/api.w.org\/{rel}","templated":true}]}}