{"id":335,"date":"2016-05-25T08:24:25","date_gmt":"2016-05-25T08:24:25","guid":{"rendered":"https:\/\/dostkelimeler.com\/hikaye\/2016\/05\/25\/uyan-cavus-tiz-uyan\/"},"modified":"2016-05-25T08:24:25","modified_gmt":"2016-05-25T08:24:25","slug":"uyan-cavus-tiz-uyan","status":"publish","type":"post","link":"https:\/\/www.dostkelimeler.com\/hikaye\/uyan-cavus-tiz-uyan\/","title":{"rendered":"Uyan \u00e7avu\u015f tiz uyan"},"content":{"rendered":"<h1>Uyan \u00e7avu\u015f tiz uyan<\/h1>\n<p>Birinci Cihan Harbinde Jandarma \u00e7avu\u015flu\u011fu yapm\u0131\u015f M\u00fcrteza Baba \u0130stanbul&#8217;un i\u015fgal hang\u00e2mesinde salland\u0131\u011f\u0131 y\u0131llarda Rumlar Bat\u0131 Anadolu k\u00f6ylerinde muz\u0131rl\u0131k yapmaya ba\u015flay\u0131nca, oralara sevk edilen kuvvetlerin i\u00e7inde M\u00fcrtaza \u00c7avu\u015f&#8217;da vam\u0131\u015f.<br \/>\nRumIar\u0131 geri p\u00fcsk\u00fcrte p\u00fcsk\u00fcrte Daya Kad\u0131n diye bir yere varm\u0131\u015flar. Hem epey yorulduklar\u0131 i\u00e7in, hem de gece bast\u0131rd\u0131\u011f\u0131 i\u00e7in, orada, Balkan Harbinden kalma tabyalarda geceleme durumu has\u0131l olmu\u015f. Bir n\u00f6bet\u00e7i dikmi\u015fler, di\u011ferleri yatm\u0131\u015f.<br \/>\nM\u00fcrtaza \u00c7avu\u015f da yatm\u0131\u015f tabii, derken, bir m\u00fcddet sonra n\u00f6bet\u00e7i de uyuklay\u0131nca M\u00fcrtaza \u00c7avu\u015f&#8217;a g\u00f6r\u00fcnmeyen biri:<\/p>\n<p>Uyan \u00c7avu\u015f tiz uyan!<br \/>\nAtik ol kurnaz davran!<br \/>\nHemen kald\u0131r erat\u0131,<br \/>\nAha geliyor d\u00fc\u015fman!<\/p>\n<p>der gibi tekmelemeye ba\u015fl\u0131yor! Hemen uyan\u0131\u00adoyr&#8217; tabii, asker tetikte uyur. Sonra dikkatlice etraflar\u0131na \u015f\u00f6yle bir bak\u0131yor ki, Rumlar s\u00fcr\u00fcne s\u00fcr\u00fcne kendilerine do\u011fru gelyor! Ay\u0131n ond\u00f6rd\u00fcym\u00fc\u015f o g\u00fcn, ay \u0131\u015f\u0131\u011f\u0131nda g\u00f6r\u00fcyor bunu. Ondan sonra, askerleri uyand\u0131rarak bir cay\u0131rt\u0131 kopar\u0131yorlar! RumIar\u0131n bir k\u0131sm\u0131 \u00f6l\u00fc, bir k\u0131s\u00ad m\u0131 yaral\u0131 def olup gidiyorlar ..<\/p>\n<p>Sabah olunca, gece kendisine g\u00f6r\u00fcnmeyen bir kimse taraf\u0131ndan tekme at\u0131lan yeri kazd\u0131r\u0131nca bir T\u00fcrk \u015fehidi \u00e7\u0131k\u0131yor.<\/p>\n<p>Evet!<\/p>\n<p>O \u015fehid uyand\u0131rm\u0131\u015f M\u00fcrtaza \u00c7avu\u015fu!<\/p>\n<p>S\u00fcbhanallah, S\u00fcbhanallah!<\/p>\n","protected":false},"excerpt":{"rendered":"<p>Uyan \u00e7avu\u015f tiz uyan Birinci Cihan Harbinde Jandarma \u00e7avu\u015flu\u011fu yapm\u0131\u015f M\u00fcrteza Baba \u0130stanbul&#8217;un i\u015fgal hang\u00e2mesinde salland\u0131\u011f\u0131 y\u0131llarda Rumlar Bat\u0131 Anadolu&#46;&#46;&#46;<\/p>\n","protected":false},"author":1,"featured_media":336,"comment_status":"open","ping_status":"open","sticky":false,"template":"","format":"standard","meta":{"footnotes":""},"categories":[30,59,8],"tags":[],"manset":[],"class_list":["post-335","post","type-post","status-publish","format-standard","has-post-thumbnail","hentry","category-sehitlik-kissalari","category-tarihi-hikayeler","category-yasanmis-hikayeler"],"_links":{"self":[{"href":"https:\/\/www.dostkelimeler.com\/hikaye\/wp-json\/wp\/v2\/posts\/335","targetHints":{"allow":["GET"]}}],"collection":[{"href":"https:\/\/www.dostkelimeler.com\/hikaye\/wp-json\/wp\/v2\/posts"}],"about":[{"href":"https:\/\/www.dostkelimeler.com\/hikaye\/wp-json\/wp\/v2\/types\/post"}],"author":[{"embeddable":true,"href":"https:\/\/www.dostkelimeler.com\/hikaye\/wp-json\/wp\/v2\/users\/1"}],"replies":[{"embeddable":true,"href":"https:\/\/www.dostkelimeler.com\/hikaye\/wp-json\/wp\/v2\/comments?post=335"}],"version-history":[{"count":0,"href":"https:\/\/www.dostkelimeler.com\/hikaye\/wp-json\/wp\/v2\/posts\/335\/revisions"}],"wp:featuredmedia":[{"embeddable":true,"href":"https:\/\/www.dostkelimeler.com\/hikaye\/wp-json\/wp\/v2\/media\/336"}],"wp:attachment":[{"href":"https:\/\/www.dostkelimeler.com\/hikaye\/wp-json\/wp\/v2\/media?parent=335"}],"wp:term":[{"taxonomy":"category","embeddable":true,"href":"https:\/\/www.dostkelimeler.com\/hikaye\/wp-json\/wp\/v2\/categories?post=335"},{"taxonomy":"post_tag","embeddable":true,"href":"https:\/\/www.dostkelimeler.com\/hikaye\/wp-json\/wp\/v2\/tags?post=335"},{"taxonomy":"manset","embeddable":true,"href":"https:\/\/www.dostkelimeler.com\/hikaye\/wp-json\/wp\/v2\/manset?post=335"}],"curies":[{"name":"wp","href":"https:\/\/api.w.org\/{rel}","templated":true}]}}