{"id":333,"date":"2016-05-25T08:22:57","date_gmt":"2016-05-25T08:22:57","guid":{"rendered":"https:\/\/dostkelimeler.com\/hikaye\/2016\/05\/25\/trabzonun-anlami\/"},"modified":"2016-05-25T08:22:57","modified_gmt":"2016-05-25T08:22:57","slug":"trabzonun-anlami","status":"publish","type":"post","link":"https:\/\/www.dostkelimeler.com\/hikaye\/trabzonun-anlami\/","title":{"rendered":"Trabzon\u2019un Anlam\u0131"},"content":{"rendered":"<h1>Trabzon\u2019un Anlam\u0131<\/h1>\n<p>Karadeniz\u2019in do\u011fu k\u0131y\u0131lar\u0131n\u0131 bir ta\u00e7 gibi s\u00fcsleyen Trabzon i\u00e7in bizim tatl\u0131 s\u00f6zl\u00fc seyyah\u0131m\u0131z Evliya \u00c7elebi \u015f\u00f6yle der:<\/p>\n<p>&#8211; Bu \u015fehre k\u00fc\u00e7\u00fck \u0130stanbul denilse yeridir. \u0130rem ba\u011flar\u0131 gibi s\u00fcsl\u00fc bir \u015fehirdir buras\u0131. Hamsi bal\u0131\u011f\u0131 pek me\u015fhurdur. Onun i\u00e7in \u015fu beyitleri s\u00f6ylerler:<\/p>\n<p>Trabzondur yer\u00fcm\u00fcz<\/p>\n<p>Ah\u00e7a tutmaz el\u00fcm\u00fcz<\/p>\n<p>Hamsi paluk olmasa<\/p>\n<p>Nic\u2019olurdu halumuz<br \/>\nEvliya \u00c7elebi, Trabzon\u2019u b\u00fct\u00fcn \u00f6zellikleriyle anlata dursun biz, ad\u0131 \u00fczerindeki s\u00f6ylentilere ge\u00e7elim:<\/p>\n<p>Bir zamanlar Trabzon\u2019un bulundu\u011fu yerde k\u00fc\u00e7\u00fck, \u015firin bir kasaba varm\u0131\u015f. Bir g\u00fcn, kasabaya, tozu dumana katarak d\u00f6rt nala, bir atl\u0131 girmi\u015f. Do\u011fruca nalbant d\u00fckkan\u0131na giderek hayk\u0131rm\u0131\u015f:<\/p>\n<p>&#8211; At\u0131m terini so\u011futmadan tiz nallay\u0131n! Yoksa hepinizi k\u0131l\u0131\u00e7tan ge\u00e7irim.<\/p>\n<p>Herkes, s\u00fcvarinin heybetinden titremeye ba\u015flam\u0131\u015f. Nalbant hemen d\u00f6rt nal haz\u0131rlay\u0131p s\u00fcvariye uzatm\u0131\u015f:<\/p>\n<p>&#8211; Yi\u011fidim, g\u00f6r nallar\u0131! Be\u011fenirsen \u00e7ivileyelim, demi\u015f.<\/p>\n<p>S\u00fcvari nallar\u0131 \u015f\u00f6yle bir yoklam\u0131\u015f, avucunda s\u0131karak iki b\u00fckl\u00fcm edivermi\u015f:<\/p>\n<p>&#8211; Ben teneke de\u011fil, nal isterim! diye g\u00fcrlemi\u015f.<\/p>\n<p>Nalbant bu defa, halis \u00e7elikten d\u00f6rt nal haz\u0131rlam\u0131\u015f, at\u0131n\u0131 nallam\u0131\u015f. Atl\u0131 yabanc\u0131 memnun. Cebinden bir alt\u0131n \u00e7\u0131kararak nalbanta uzatm\u0131\u015f. Nalbant, alt\u0131n\u0131 parmaklar\u0131 aras\u0131nda \u015f\u00f6yle bir s\u00fcrt\u00fc\u015ft\u00fcrm\u00fc\u015f. Paran\u0131n b\u00fct\u00fcn yaz\u0131lar\u0131 silinmi\u015f. Kendine dikkatle bakan atl\u0131ya:<\/p><div class=\"kanews-banner kanews-banner-single\"><script async src=\"https:\/\/pagead2.googlesyndication.com\/pagead\/js\/adsbygoogle.js?client=ca-pub-8343660164149527\"\r\n     crossorigin=\"anonymous\"><\/script>\r\n<ins class=\"adsbygoogle\"\r\n     style=\"display:block; text-align:center;\"\r\n     data-ad-layout=\"in-article\"\r\n     data-ad-format=\"fluid\"\r\n     data-ad-client=\"ca-pub-8343660164149527\"\r\n     data-ad-slot=\"5722160345\"><\/ins>\r\n<script>\r\n     (adsbygoogle = window.adsbygoogle || []).push({});\r\n<\/script><\/div>\n<p>&#8211; Al bu bozuk alt\u0131n\u0131! Baksana tu\u011fras\u0131 bozulmu\u015f, diye uzatm\u0131\u015f.<\/p>\n<p>Yi\u011fit adam \u015fa\u015f\u0131rm\u0131\u015f, bir alt\u0131n daha \u00e7\u0131karm\u0131\u015f. Nalbant bir s\u00fcrt\u00fc\u015fle, onun da tu\u011fras\u0131n\u0131 bozmu\u015f. O zaman atl\u0131, kar\u015f\u0131s\u0131ndakinin hi\u00e7 de yabana at\u0131l\u0131r birisi olmad\u0131\u011f\u0131n\u0131 anlam\u0131\u015f:<\/p>\n<p>&#8211; Hey, demi\u015f. Atla at\u0131na, d\u00fc\u015f pe\u015fime. Sen bir nalbant d\u00fckkan\u0131na de\u011fil, er meydan\u0131na lay\u0131ks\u0131n.<\/p>\n<p>O g\u00fcnden sonra bu kasaban\u0131n ad\u0131 \u201cTu\u011fra bozan\u201d olmu\u015f. Ve bu isim, zamanla \u201cTrabzon\u201d bi\u00e7iminde s\u00f6ylenmi\u015f.<\/p>\n<p>Bir ba\u015fka s\u00f6ylentiye g\u00f6re de, Trabzon kalesi, sofraya benzer, yuvarlak, kesme ta\u015flardan yap\u0131lm\u0131\u015f. Bug\u00fcn bile Trabzon\u2019un Harmankaya\u2019s\u0131nda bu ta\u015flardan varm\u0131\u015f. Sofraya benzetilen ta\u015flardan\u2026 Rumlar, sofraya \u201ctrabeze\u201d dediklerinden, \u015fehrin ad\u0131 da Trabzon<\/p>\n<p>olmu\u015f.<\/p>\n<p>Evliya \u00c7elebi\u2019miz, Trabzon\u2019un ilk kurucusunun, zevk ehli, \u015fen \u015fat\u0131r bir kad\u0131n oldu\u011funu, bundan dolay\u0131 bu \u015fehre, ne\u015feli kad\u0131n anlam\u0131na gelen \u201cTarb-zen\u201d denildi\u011fini, ya da suyu ve havas\u0131n\u0131n ho\u015flu\u011fundan dolay\u0131 \u201ctarb-\u0131 efzun\u201d ad\u0131n\u0131n verildi\u011fini kaybeder. Baz\u0131 kitaplarda da, Trabzon ad\u0131n\u0131n \u201cTu\u011fra basan\u201d dan geldi\u011fi, bu \u015fehirde de, sultanlar\u0131n kendi adlar\u0131na tu\u011fral\u0131 sikke, yani madeni para bast\u0131rd\u0131klar\u0131 kay\u0131tl\u0131d\u0131r.<\/p>\n","protected":false},"excerpt":{"rendered":"<p>Trabzon\u2019un Anlam\u0131 Karadeniz\u2019in do\u011fu k\u0131y\u0131lar\u0131n\u0131 bir ta\u00e7 gibi s\u00fcsleyen Trabzon i\u00e7in bizim tatl\u0131 s\u00f6zl\u00fc seyyah\u0131m\u0131z Evliya \u00c7elebi \u015f\u00f6yle der: &#8211;&#46;&#46;&#46;<\/p>\n","protected":false},"author":1,"featured_media":334,"comment_status":"open","ping_status":"open","sticky":false,"template":"","format":"standard","meta":{"footnotes":""},"categories":[59],"tags":[],"manset":[],"class_list":["post-333","post","type-post","status-publish","format-standard","has-post-thumbnail","hentry","category-tarihi-hikayeler"],"_links":{"self":[{"href":"https:\/\/www.dostkelimeler.com\/hikaye\/wp-json\/wp\/v2\/posts\/333","targetHints":{"allow":["GET"]}}],"collection":[{"href":"https:\/\/www.dostkelimeler.com\/hikaye\/wp-json\/wp\/v2\/posts"}],"about":[{"href":"https:\/\/www.dostkelimeler.com\/hikaye\/wp-json\/wp\/v2\/types\/post"}],"author":[{"embeddable":true,"href":"https:\/\/www.dostkelimeler.com\/hikaye\/wp-json\/wp\/v2\/users\/1"}],"replies":[{"embeddable":true,"href":"https:\/\/www.dostkelimeler.com\/hikaye\/wp-json\/wp\/v2\/comments?post=333"}],"version-history":[{"count":0,"href":"https:\/\/www.dostkelimeler.com\/hikaye\/wp-json\/wp\/v2\/posts\/333\/revisions"}],"wp:featuredmedia":[{"embeddable":true,"href":"https:\/\/www.dostkelimeler.com\/hikaye\/wp-json\/wp\/v2\/media\/334"}],"wp:attachment":[{"href":"https:\/\/www.dostkelimeler.com\/hikaye\/wp-json\/wp\/v2\/media?parent=333"}],"wp:term":[{"taxonomy":"category","embeddable":true,"href":"https:\/\/www.dostkelimeler.com\/hikaye\/wp-json\/wp\/v2\/categories?post=333"},{"taxonomy":"post_tag","embeddable":true,"href":"https:\/\/www.dostkelimeler.com\/hikaye\/wp-json\/wp\/v2\/tags?post=333"},{"taxonomy":"manset","embeddable":true,"href":"https:\/\/www.dostkelimeler.com\/hikaye\/wp-json\/wp\/v2\/manset?post=333"}],"curies":[{"name":"wp","href":"https:\/\/api.w.org\/{rel}","templated":true}]}}