{"id":331,"date":"2016-05-25T08:20:40","date_gmt":"2016-05-25T08:20:40","guid":{"rendered":"https:\/\/dostkelimeler.com\/hikaye\/2016\/05\/25\/pusuladaki-not\/"},"modified":"2016-05-25T08:20:40","modified_gmt":"2016-05-25T08:20:40","slug":"pusuladaki-not","status":"publish","type":"post","link":"https:\/\/www.dostkelimeler.com\/hikaye\/pusuladaki-not\/","title":{"rendered":"Pusuladaki not"},"content":{"rendered":"<h1>Pusuladaki not<\/h1>\n<p>\u00c7anakkale Sava\u015f\u0131nda Kocadere k\u00f6y\u00fcnde b\u00fcy\u00fck bir sarg\u0131 yeri kurulmu\u015ftur. Kimi Urfal\u0131, kimi Bosnal\u0131, kimi Ad\u0131yamanl\u0131, kimi G\u00fcr\u00fcnl\u00fc, kimi Halepli \u00e7ok say\u0131da yaral\u0131 getirilmektedir&#8230;<\/p>\n<p>Bunlardan biri Lapseki&#8217;nin Beyba\u015f K\u00f6y\u00fcndendir ve yaras\u0131 olduk\u00e7a a\u011f\u0131rd\u0131r. Zor nefes al\u0131p vermektedir. Al\u00e7al\u0131p y\u00fckselen g\u00f6\u011fs\u00fcn\u00fc biraz daha tutabilmek i\u00e7in komutan\u0131n\u0131n elbisesine yap\u0131\u015f\u0131r. Nefes al\u0131p vermesi olduk\u00e7a zorla\u015f\u0131r ama tane tane kelimeler d\u00f6k\u00fcl\u00fcr dudaklar\u0131ndan.<\/p>\n<p>&#8220;\u00d6lme ihtimalim \u00e7ok fazla. Ben bir pusula yazd\u0131m arkada\u015f\u0131ma ula\u015ft\u0131r\u0131n&#8230;&#8221;<\/p>\n<p>Tekrar derin nefes al\u0131p, defalarca yutkunur: &#8220;Ben&#8230; Ben k\u00f6yl\u00fcm Lapseki&#8217;li \u0130brahim Onba\u015f\u0131dan 1 Mecid bor\u00e7 ald\u0131yd\u0131m&#8230; Kendisini g\u00f6remedim. Belki \u00f6l\u00fcr\u00fcm. \u00d6l\u00fcrsem s\u00f6yleyin hakk\u0131n\u0131 helal etsin.&#8221;<\/p>\n<p>&#8220;Sen merak etme evlad\u0131m&#8221; der komutan\u0131, kan\u0131yla k\u0131rm\u0131z\u0131ya boyanm\u0131\u015f aln\u0131n\u0131 eliyle ok\u015far. Ve az sonra komutan\u0131n\u0131n kollar\u0131nda \u015fehit olur ve son s\u00f6z\u00fc de<\/p>\n<p>&#8220;S\u00f6yleyin hakk\u0131n\u0131 helal etsin&#8221; olur&#8230;<\/p>\n<p>Aradan fazla zaman ge\u00e7mez. Oraya s\u00fcrekli yaral\u0131lar getiriliyor. Bunlardan \u00e7o\u011fu daha sarg\u0131 yerine ula\u015ft\u0131r\u0131lmadan \u015fehit d\u00fc\u015f\u00fcyor. \u015eehitlerin \u00fczerinden \u00e7\u0131kan e\u015fyalar, k\u00fcnyeler komutana ula\u015ft\u0131r\u0131l\u0131yor.<\/p>\n<p>\u0130\u015fte yine bir k\u00fcnye ve yine bir pusula. Komutan g\u00f6z ya\u015flar\u0131n\u0131 silmeye daha f\u0131rsat bulamam\u0131\u015ft\u0131r. Pusulay\u0131 a\u00e7ar, h\u0131\u00e7k\u0131rarak okur ve oldu\u011fu yere y\u0131k\u0131l\u0131r kal\u0131r. Ellerini y\u00fcz\u00fcne kapat\u0131r, ne titremesine ne de g\u00f6zya\u015flar\u0131na engel olamaz&#8230;<\/p>\n<p>Pusuladaki not:<\/p>\n<p>&#8220;Ben Beyba\u015f K\u00f6y\u00fcnden arkada\u015f\u0131m Halil&#8217;e 1 Mecid bor\u00e7 verdiydim. Kendisi beni g\u00f6remedi. Biraz sonra taarruza kalkaca\u011f\u0131z. Belki ben d\u00f6nemem. Arkada\u015f\u0131ma s\u00f6yleyin ben hakk\u0131m\u0131 helal ettim.&#8221;<\/p>\n","protected":false},"excerpt":{"rendered":"<p>Pusuladaki not \u00c7anakkale Sava\u015f\u0131nda Kocadere k\u00f6y\u00fcnde b\u00fcy\u00fck bir sarg\u0131 yeri kurulmu\u015ftur. Kimi Urfal\u0131, kimi Bosnal\u0131, kimi Ad\u0131yamanl\u0131, kimi G\u00fcr\u00fcnl\u00fc, kimi&#46;&#46;&#46;<\/p>\n","protected":false},"author":1,"featured_media":332,"comment_status":"open","ping_status":"open","sticky":false,"template":"","format":"standard","meta":{"footnotes":""},"categories":[30,59,8],"tags":[],"manset":[],"class_list":["post-331","post","type-post","status-publish","format-standard","has-post-thumbnail","hentry","category-sehitlik-kissalari","category-tarihi-hikayeler","category-yasanmis-hikayeler"],"_links":{"self":[{"href":"https:\/\/www.dostkelimeler.com\/hikaye\/wp-json\/wp\/v2\/posts\/331","targetHints":{"allow":["GET"]}}],"collection":[{"href":"https:\/\/www.dostkelimeler.com\/hikaye\/wp-json\/wp\/v2\/posts"}],"about":[{"href":"https:\/\/www.dostkelimeler.com\/hikaye\/wp-json\/wp\/v2\/types\/post"}],"author":[{"embeddable":true,"href":"https:\/\/www.dostkelimeler.com\/hikaye\/wp-json\/wp\/v2\/users\/1"}],"replies":[{"embeddable":true,"href":"https:\/\/www.dostkelimeler.com\/hikaye\/wp-json\/wp\/v2\/comments?post=331"}],"version-history":[{"count":0,"href":"https:\/\/www.dostkelimeler.com\/hikaye\/wp-json\/wp\/v2\/posts\/331\/revisions"}],"wp:featuredmedia":[{"embeddable":true,"href":"https:\/\/www.dostkelimeler.com\/hikaye\/wp-json\/wp\/v2\/media\/332"}],"wp:attachment":[{"href":"https:\/\/www.dostkelimeler.com\/hikaye\/wp-json\/wp\/v2\/media?parent=331"}],"wp:term":[{"taxonomy":"category","embeddable":true,"href":"https:\/\/www.dostkelimeler.com\/hikaye\/wp-json\/wp\/v2\/categories?post=331"},{"taxonomy":"post_tag","embeddable":true,"href":"https:\/\/www.dostkelimeler.com\/hikaye\/wp-json\/wp\/v2\/tags?post=331"},{"taxonomy":"manset","embeddable":true,"href":"https:\/\/www.dostkelimeler.com\/hikaye\/wp-json\/wp\/v2\/manset?post=331"}],"curies":[{"name":"wp","href":"https:\/\/api.w.org\/{rel}","templated":true}]}}