{"id":277,"date":"2016-05-20T09:25:43","date_gmt":"2016-05-20T09:25:43","guid":{"rendered":"https:\/\/dostkelimeler.com\/hikaye\/2016\/05\/20\/yirmibin-altin\/"},"modified":"2016-05-20T09:25:43","modified_gmt":"2016-05-20T09:25:43","slug":"yirmibin-altin","status":"publish","type":"post","link":"https:\/\/www.dostkelimeler.com\/hikaye\/yirmibin-altin\/","title":{"rendered":"Yirmibin Alt\u0131n"},"content":{"rendered":"<h1><b><span style=\"color: black; font-family: Verdana;\">Yirmibin Alt\u0131n<\/span><\/b><\/h1>\n<p>Hazret-i Eb\u00fb Bekir r.a.b\u00fct\u00fcn mal ve m\u00fclk\u00fcn\u00fc f\u00eesebilillah sadaka verip, bir h\u0131rka ile evinde otururken, bir kimse gelip, kap\u0131y\u0131 \u00e7ald\u0131. Hazret-i Eb\u00fb Bekir d\u0131\u015far\u0131 \u00e7\u0131k\u0131p, kap\u0131da duran kimdir diye bakd\u0131.<\/p>\n<p>&#8211; Ne istersin<\/p>\n<p>&#8211; Y\u00e2 Eb\u00e2 Bekir! Onikibin ak\u00e7a borcum var. Bug\u00fcn vermemin son g\u00fcn\u00fc. Muhakkak vermem l\u00e2z\u0131m. \u015eimdi, lutf ve kerem edip, benim bu borcumu \u00f6deyip, beni kurtar.<\/p>\n<p>&#8211; G\u00f6rmez misin beni, b\u00fct\u00fcn mal\u0131m\u0131, giyeceklerimi Allah\u00fc te\u00e2l\u00e2 yoluna verdim. Hatt\u00e2 arkamdaki elbisemi de bir fak\u00eere verdim. \u015eimdi bir h\u0131rka giyip, oturuyorum. Mal ve giyecek kalmad\u0131. Senin borcunu nereden \u00f6deyeyim.<\/p>\n<p>&#8211; Biliyorum ve i\u015fitdim ki, sende mal kald\u0131. Senin fadl\u0131ndan \u00fcm\u00eed ederim ki, benim bu borcumu \u00f6deyesin.<\/p>\n<p>Hazret-i Eb\u00fb Bekirin yapacak bir \u015feyi kalmad\u0131. Bir yeh\u00fbd\u00eeye vard\u0131. Onikibin ak\u00e7e istedi.<\/p>\n<p>&#8211; \u0130n\u015f\u00e2allah\u00fc te\u00e2l\u00e2 yar\u0131n \u00f6\u011fleden sonra mal\u0131n\u0131 vereyim.<\/p>\n<p>&#8211; Y\u00e2 Eb\u00e2 Bekir, yar\u0131nki g\u00fcn mal\u0131m\u0131 bulup vermez isen, ne olur.<\/p>\n<p>&#8211; E\u011fer yar\u0131n \u00f6\u011fleden sonra senin mal\u0131n\u0131 bulup, vermezsem, kendimi sana k\u00f6le eyledim. Dilersen sat\u0131p, paras\u0131n\u0131 al, istersen beni k\u00f6le gibi kullan\u0131rs\u0131n.<\/p>\n<p>Bu s\u00f6zle\u015fme \u00fczerine o yeh\u00fbd\u00ee \u00e7\u0131kar\u0131p, hazret-i Eb\u00fb Bekire onikibin ak\u00e7e verdi. Eb\u00fb Bekir-i S\u0131dd\u00eek (r.a) da o ak\u00e7eyi o bor\u00e7lu fak\u00eere verip,<\/p>\n<p>&#8211; Borcunu ver, dedi.<\/p>\n<p>Kendisi, oturup, Allah\u00fc te\u00e2l\u00e2 hazretlerine tevekk\u00fcl eyledi. Yar\u0131n vaktinde \u00f6deme\u011fi va&#8217;d etdi\u011fim, bu borcu ben nereden al\u0131p, \u00f6deyece\u011fim, diye d\u00fc\u015f\u00fcnd\u00fc. Hi\u00e7bir \u00e7\u00e2re bulamad\u0131. Var\u0131p, o yeh\u00fbd\u00eeye k\u00f6le olay\u0131m diye kalbinden ge\u00e7di. Bu \u015fekilde d\u00fc\u015f\u00fcn\u00fcrken, hazret-i \u00c2i\u015fenin evine vard\u0131. Sel\u00e2m verip,<\/p>\n<p>&#8211; Y\u00e2 k\u0131z\u0131m \u00c2i\u015fe. Bilmi\u015f ol ki, d\u00fcn bir yeh\u00fbd\u00eeden onikibin ak\u00e7e al\u0131p, bir fak\u00eerin borcunu \u00f6dedim. Bug\u00fcn \u00f6\u011fleden sonra, ak\u00e7eleri \u00f6demem l\u00e2z\u0131m. Ak\u00e7eleri bulup, \u00f6demezsem, kendi nefsimi o yeh\u00fbd\u00eeye verdim. \u015eimdi v\u00e2cib oldu ki, kendimi o yeh\u00fbd\u00eeye k\u00f6le eyliyeyim. Y\u00e2 k\u0131z\u0131m, \u00e2h\u0131ret hakk\u0131n\u0131 hal\u00e2l eyle. Sa\u011f ve as\u00e2n ol. Ben gidiyorum.<\/p><div class=\"kanews-banner kanews-banner-single\"><script async src=\"https:\/\/pagead2.googlesyndication.com\/pagead\/js\/adsbygoogle.js?client=ca-pub-8343660164149527\"\r\n     crossorigin=\"anonymous\"><\/script>\r\n<ins class=\"adsbygoogle\"\r\n     style=\"display:block; text-align:center;\"\r\n     data-ad-layout=\"in-article\"\r\n     data-ad-format=\"fluid\"\r\n     data-ad-client=\"ca-pub-8343660164149527\"\r\n     data-ad-slot=\"5722160345\"><\/ins>\r\n<script>\r\n     (adsbygoogle = window.adsbygoogle || []).push({});\r\n<\/script><\/div>\n<p>Hazret-i \u00c2i\u015fenin kalbi mahz\u00fbn olup, a\u011flad\u0131. \u0130kisi ber\u00e2ber a\u011flad\u0131lar. Hazret-i Eb\u00fb Bekir k\u0131z\u0131n\u0131n yan\u0131ndan a\u011fl\u0131ya a\u011fl\u0131ya \u00e7\u0131kd\u0131, gitdi.<\/p>\n<p>Hazret-i \u00c2i\u015fe annemiz a\u011flarken, m\u00fcb\u00e2rek g\u00f6z\u00fcnden bir damla ya\u015f indi. Yere d\u00fc\u015fd\u00fc. Hak S\u00fcbh\u00e2neh\u00fc ve te\u00e2l\u00e2 hazretlerinin kudretinden bir n\u00fbr\u00e2n\u00ee cevher halk oldu. Hazret-i \u00c2i\u015fe bu cevheri g\u00f6r\u00fcp, sevindi. Babas\u0131n\u0131 \u00e7a\u011f\u0131rd\u0131. Hazret-i Eb\u00fb Bekir d\u00f6n\u00fcp geldi.<\/p>\n<p>&#8211; Ne dersin y\u00e2 k\u0131z\u0131m!<\/p>\n<p>&#8211; Allah\u00fc te\u00e2l\u00e2 bana merhamet eyledi. G\u00f6z\u00fcm\u00fcn ya\u015f\u0131ndan bir cevher yaratd\u0131. \u015eimdi var, bu cevheri al\u0131p, pazara g\u00f6t\u00fcr, sat\u0131p, borcunu ed\u00e2 eyle.<\/p>\n<p>Eb\u00fb Bekir-i S\u0131dd\u00eek da o cevheri al\u0131p, pazara gitdi.<\/p>\n<p>Hak S\u00fcbh\u00e2neh\u00fc ve te\u00e2l\u00e2, Cebr\u00e2\u00eel aleyhissel\u00e2ma emr eyledi ki,<\/p>\n<p>&#8220;Y\u00e2 Cebr\u00e2\u00eel, Hab\u00eebim ve Res\u00fbl\u00fcm Muhammed Mustaf\u00e2n\u0131n zevcesi \u00c2i\u015fenin g\u00f6z ya\u015f\u0131ndan kudretim ile bir cevher halk eyledim. Kulum Eb\u00fb Bekir o cevheri, pazara satma\u011fa gidiyor. \u015eimdi \u00e7abuk var. Cennetde, kudret haz\u00eenemden yirmibin alt\u0131n al. Bir n\u00fbrdan tabak i\u00e7ine koyup, Eb\u00fb Bekirin \u00f6n\u00fcne var. O cevheri sat\u0131n al. Bana getir ki, o cevher bana gerekdir. Ar\u015f\u0131ma o cevheri koyay\u0131m ki, onun n\u00fbru ar\u015f\u0131mda \u0131\u015f\u0131k sa\u00e7s\u0131n. Ve de m\u00fc&#8217;min kullar\u0131m\u0131n kabri o cevher ile m\u00fcnevver olsun [ayd\u0131nlans\u0131n].&#8221;<\/p>\n<p>Cebr\u00e2\u00eel aleyhissel\u00e2m da yeti\u015fip, Cennetin haz\u00eenesinden yirmibin alt\u0131n\u0131, bir n\u00fbrdan tabak i\u00e7ine koydu. \u0130nsan s\u00fbretinde, hazret-i Eb\u00fb Bekirin pazar i\u00e7inde \u00f6n\u00fcne geldi.<\/p>\n<p>&#8211; Y\u00e2 Eb\u00e2 Bekir! Elindeki nedir, satar m\u0131s\u0131n.<\/p>\n<p>&#8211; Satar\u0131m.<\/p>\n<p>&#8211; Ka\u00e7a verirsin.<\/p>\n<p>&#8211; Onikibin ak\u00e7aya veririm.<\/p>\n<p>&#8211; Bunun de\u011feri onikibin ak\u00e7a de\u011fildir. Yirmibin alt\u0131n vereyim.<\/p>\n<p>&#8211; E\u011fer o fiy\u00e2ta al\u0131r isen sen bilirsin.<\/p>\n<p>&#8211; \u015eimdi a\u00e7 ete\u011fini.<\/p>\n<p>Eb\u00fb Bekir hazretleri ete\u011fini a\u00e7d\u0131. Cebr\u00e2\u00eel aleyhissel\u00e2m ete\u011fine alt\u0131nlar\u0131 d\u00f6kd\u00fc. Hazret-i Eb\u00fb Bekir al\u0131p, evlerine geldi. G\u00f6rd\u00fc ki, ak\u00e7a ald\u0131\u011f\u0131 yeh\u00fbd\u00ee kap\u0131 \u00f6n\u00fcne gelmi\u015f. \u00c7a\u011f\u0131r\u0131p der ki,<\/p>\n<p>&#8211; Y\u00e2 Eb\u00e2 Bekir, gel ak\u00e7am\u0131 ver; y\u00e2hud k\u00f6lemsin; seni hizmetde kullan\u0131r\u0131m.<\/p>\n<p>Eb\u00fb Bekir hazretleri, ard\u0131ndan var\u0131nca; o yeh\u00fbd\u00ee ayak sesini duyup, arkas\u0131na bakd\u0131. G\u00f6rd\u00fc ki, gelen Eb\u00fb Bekirdir.<\/p>\n<p>Yeh\u00fbd\u00eeye dedi ki,<\/p>\n<p>&#8211; A\u00e7 ete\u011fini.<\/p>\n<p>A\u00e7d\u0131. O yirmibin alt\u0131n\u0131 yeh\u00fbd\u00eenin ete\u011fine d\u00f6kd\u00fc.<\/p>\n<p>Yeh\u00fbd\u00ee dedi ki,<\/p>\n<p>&#8211; Bu alt\u0131n nedir.<\/p>\n<p>&#8211; Yirmibin alt\u0131nd\u0131r. Borcuna tut.<\/p>\n<p>&#8211; Senin bana borcun onikibin ak\u00e7ad\u0131r.<\/p>\n<p>&#8211; Bu alt\u0131n senin ak\u00e7enin berek\u00e2t\u0131d\u0131r.<\/p>\n<p>Sonra o yeh\u00fbd\u00ee alt\u0131n\u0131n birini eline ald\u0131. G\u00f6rd\u00fc ki, bir yan\u0131nda, (L\u00e2 il\u00e2he illallah, Muhammed\u00fcn res\u00fblullah) yaz\u0131lm\u0131\u015f. Di\u011fer taraf\u0131nda (Kulh\u00fcvallah\u00fc ehad s\u00fbresi.) yaz\u0131lm\u0131\u015f. Kudret kalemi ile yaz\u0131 yaz\u0131lm\u0131\u015f. Yeh\u00fbd\u00eenin kalbine bir h\u00e2l gelip, hid\u00e2yet-i rabb\u00e2n\u00ee yeti\u015fdi. Dedi ki,<\/p>\n<p>&#8211; Y\u00e2 Eb\u00e2 Bekir! Bildim ki, senin d\u00eenin hakd\u0131r, ger\u00e7ek evliy\u00e2s\u0131n. Muhammed aleyhissel\u00e2m da hak Peygamberdir.<\/p>\n<p>\u015eeh\u00e2det kelimesi s\u00f6yleyip, sadakatle m\u00fcslim\u00e2n oldu. O alt\u0131n\u0131 din a\u015fk\u0131na c\u00fcmle fak\u00eerlere da\u011f\u0131td\u0131. Kendisi ehl-i hav\u00e2sdan oldu &#8216;rad\u0131yallah\u00fc anh&#8217;. Ma&#8217;l\u00fbmdur ki, Eb\u00fb Bekir &#8216;rad\u0131yallah\u00fc te\u00e2l\u00e2 anh&#8217; hazretlerinin men\u00e2k\u0131b\u0131 ve ke\u015ffi ve ker\u00e2metleri nih\u00e2yetsizdir. Had ve hud\u00fbdu m\u00fcmkin de\u011fildir.<\/p>\n<p>Menak\u0131b-i \u00c7ihar Yar-i G\u00fczin<\/p>\n","protected":false},"excerpt":{"rendered":"<p>Yirmibin Alt\u0131n Hazret-i Eb\u00fb Bekir r.a.b\u00fct\u00fcn mal ve m\u00fclk\u00fcn\u00fc f\u00eesebilillah sadaka verip, bir h\u0131rka ile evinde otururken, bir kimse gelip,&#46;&#46;&#46;<\/p>\n","protected":false},"author":1,"featured_media":278,"comment_status":"open","ping_status":"open","sticky":false,"template":"","format":"standard","meta":{"footnotes":""},"categories":[3,36,6],"tags":[],"manset":[],"class_list":["post-277","post","type-post","status-publish","format-standard","has-post-thumbnail","hentry","category-dini-hikayeler","category-hidayet-hikayeleri","category-sahabi-kissalari"],"_links":{"self":[{"href":"https:\/\/www.dostkelimeler.com\/hikaye\/wp-json\/wp\/v2\/posts\/277","targetHints":{"allow":["GET"]}}],"collection":[{"href":"https:\/\/www.dostkelimeler.com\/hikaye\/wp-json\/wp\/v2\/posts"}],"about":[{"href":"https:\/\/www.dostkelimeler.com\/hikaye\/wp-json\/wp\/v2\/types\/post"}],"author":[{"embeddable":true,"href":"https:\/\/www.dostkelimeler.com\/hikaye\/wp-json\/wp\/v2\/users\/1"}],"replies":[{"embeddable":true,"href":"https:\/\/www.dostkelimeler.com\/hikaye\/wp-json\/wp\/v2\/comments?post=277"}],"version-history":[{"count":0,"href":"https:\/\/www.dostkelimeler.com\/hikaye\/wp-json\/wp\/v2\/posts\/277\/revisions"}],"wp:featuredmedia":[{"embeddable":true,"href":"https:\/\/www.dostkelimeler.com\/hikaye\/wp-json\/wp\/v2\/media\/278"}],"wp:attachment":[{"href":"https:\/\/www.dostkelimeler.com\/hikaye\/wp-json\/wp\/v2\/media?parent=277"}],"wp:term":[{"taxonomy":"category","embeddable":true,"href":"https:\/\/www.dostkelimeler.com\/hikaye\/wp-json\/wp\/v2\/categories?post=277"},{"taxonomy":"post_tag","embeddable":true,"href":"https:\/\/www.dostkelimeler.com\/hikaye\/wp-json\/wp\/v2\/tags?post=277"},{"taxonomy":"manset","embeddable":true,"href":"https:\/\/www.dostkelimeler.com\/hikaye\/wp-json\/wp\/v2\/manset?post=277"}],"curies":[{"name":"wp","href":"https:\/\/api.w.org\/{rel}","templated":true}]}}