{"id":253,"date":"2016-05-19T08:08:23","date_gmt":"2016-05-19T08:08:23","guid":{"rendered":"https:\/\/dostkelimeler.com\/hikaye\/2016\/05\/19\/kendini-tehlikeye-atmak\/"},"modified":"2016-05-19T08:08:23","modified_gmt":"2016-05-19T08:08:23","slug":"kendini-tehlikeye-atmak","status":"publish","type":"post","link":"https:\/\/www.dostkelimeler.com\/hikaye\/kendini-tehlikeye-atmak\/","title":{"rendered":"Kendini Tehlikeye Atmak"},"content":{"rendered":"<h1><b><span style=\"color: black; font-family: Verdana;\">Kendini Tehlikeye Atmak<\/span><\/b><\/h1>\n<p>\u0130stanbul&#8217;un, \u0130sl\u00e2m ordular\u0131 taraf\u0131ndan ku\u015fat\u0131lmas\u0131, ilk defa Hz. Muaviye r.a.&#8217;\u0131n halifeli\u011fi s\u0131ras\u0131nda olmu\u015ftur. Hz. Muaviye, S\u00fcfyan b. Avf r.a. komutas\u0131nda b\u00fcy\u00fck bir orduyu Bizans \u00fczerine g\u00f6nderirken, o\u011flu Yezid&#8217;in de ayn\u0131 orduya kat\u0131lmas\u0131n\u0131 istemi\u015fti. Fakat Yezid birtak\u0131m mazeretler ileri s\u00fcrerek geri kalmak isteyince, onu g\u00f6ndermekten vazge\u00e7mi\u015fti.<\/p>\n<p>Sava\u015fa \u00e7\u0131kan askerler yolda a\u00e7l\u0131k, hastal\u0131k ve s\u0131k\u0131nt\u0131larla kar\u015f\u0131la\u015fm\u0131\u015f, bu haberi alan Yezid ise \u015f\u00f6yle bir beyit s\u00f6yleyivermi\u015fti:<\/p>\n<p>&#8216;Yan\u0131mda \u00dcmm\u00fc G\u00fcls\u00fcm, yasland\u0131m minderime<\/p>\n<p>Ordular\u0131n d\u00fc\u015ft\u00fc\u011f\u00fc s\u0131k\u0131nt\u0131dan bana ne!&#8217;<\/p>\n<p>(\u00dcmm\u00fc G\u00fcls\u00fcm, Yezid&#8217;in han\u0131m\u0131d\u0131r.)<\/p>\n<p>Vay, sen misin b\u00f6yle diyen! Hz. Muaviye r.a. bu yak\u0131\u015f\u0131ks\u0131z \u015fiirden haberdar olunca, derhal Yezid&#8217;e emir verdi. Bizans topraklar\u0131ndaki orduya yeti\u015ferek, onlar\u0131n u\u011frad\u0131\u011f\u0131 g\u00fc\u00e7l\u00fck ve s\u0131k\u0131nt\u0131lara katlanmas\u0131n\u0131 sa\u011flamaya yemin etti.<\/p>\n<p>Yezid -yirmid\u00f6rt ya\u015f\u0131ndayd\u0131- babas\u0131n\u0131n haz\u0131rlad\u0131\u011f\u0131 yeni bir orduyla yola \u00e7\u0131kt\u0131, \u00f6b\u00fcr orduya kat\u0131ld\u0131. Bu ordu i\u00e7inde \u0130bn Abbas, \u0130bn \u00d6mer, \u0130bn Z\u00fcbeyr ve Eb\u00fb Eyy\u00fbb el-Ensar\u00ee de (Allah hepsinden raz\u0131 olsun) vard\u0131. Bizans topraklar\u0131 \u00fczerinden uzun bir yolculuk yapan \u0130sl\u00e2m ordusu \u0130stanbul \u00f6nlerine geldi ve Rumlarla g\u00fcnlerce s\u00fcren \u00e7etin muharebeler yap\u0131ld\u0131.<\/p>\n<p>Bu \u00e7arp\u0131\u015fmalar s\u0131ras\u0131nda m\u00fcsl\u00fcman askerlerden Abd\u00fclaz\u00eez b. Z\u00fcrare isimli bir yi\u011fit, tek ba\u015f\u0131na d\u00fc\u015fman saflar\u0131n\u0131 yararak i\u00e7lerine kadar girmi\u015f ve geri d\u00f6nm\u00fc\u015f, birka\u00e7 kez tekrarlad\u0131\u011f\u0131 bu hamleler sonunda \u015feh\u00eed olmu\u015ftu. Onun yaln\u0131z ba\u015f\u0131na d\u00fc\u015fman ordusuna dald\u0131\u011f\u0131n\u0131 g\u00f6renler,<\/p>\n<p>&#8211; S\u00fcbhanallah! Adam kendisini tehlikeye at\u0131yor! diye seslenmi\u015fler, bunun \u00fczerine Hz. Ebu Eyy\u00fbb r.a. da \u015f\u00f6yle demi\u015ftir:<\/p>\n<p>&#8211; Ey insanlar! Siz &#8216;kendinizi tehlikeye atmay\u0131n&#8217; ayetini b\u00f6yle yorumluyorsunuz ama o ayet bir Ensar toplulu\u011fu hakk\u0131nda nazil olmu\u015ftur. Allahu Teal\u00e2 dinini kuvvetlendirdi\u011fi ve \u0130sl\u00e2m&#8217;\u0131n yard\u0131mc\u0131lar\u0131 \u00e7o\u011fald\u0131\u011f\u0131 zaman, biz kendi aram\u0131zda Rasulullah&#8217;tan gizli olarak: &#8216;Art\u0131k bize ihtiya\u00e7 kalmad\u0131. Bundan sonra mallar\u0131m\u0131zla me\u015fgul olal\u0131m.&#8217; dedik. Bunun \u00fczerine Y\u00fcce Allah yanl\u0131\u015f d\u00fc\u015f\u00fcncemizi d\u00fczeltti. &#8216;Allah yolunda harcama yap\u0131n, kendinizi tehlikeye atmay\u0131n&#8217; (Bakara, 195) ayetini indirdi. Kendimizi tehlikeye atmak, mallar\u0131m\u0131zla u\u011fra\u015f\u0131p cihad\u0131 terk etmektir.<\/p>\n<p>&#8216;Eyy\u00fbb Sultan&#8217; Hazretleri o seferde vefat etmi\u015f ve bug\u00fcnk\u00fc yerine defnedilmi\u015ftir.<\/p>\n","protected":false},"excerpt":{"rendered":"<p>Kendini Tehlikeye Atmak \u0130stanbul&#8217;un, \u0130sl\u00e2m ordular\u0131 taraf\u0131ndan ku\u015fat\u0131lmas\u0131, ilk defa Hz. Muaviye r.a.&#8217;\u0131n halifeli\u011fi s\u0131ras\u0131nda olmu\u015ftur. Hz. Muaviye, S\u00fcfyan b.&#46;&#46;&#46;<\/p>\n","protected":false},"author":1,"featured_media":254,"comment_status":"open","ping_status":"open","sticky":false,"template":"","format":"standard","meta":{"footnotes":""},"categories":[3,6,30],"tags":[],"manset":[],"class_list":["post-253","post","type-post","status-publish","format-standard","has-post-thumbnail","hentry","category-dini-hikayeler","category-sahabi-kissalari","category-sehitlik-kissalari"],"_links":{"self":[{"href":"https:\/\/www.dostkelimeler.com\/hikaye\/wp-json\/wp\/v2\/posts\/253","targetHints":{"allow":["GET"]}}],"collection":[{"href":"https:\/\/www.dostkelimeler.com\/hikaye\/wp-json\/wp\/v2\/posts"}],"about":[{"href":"https:\/\/www.dostkelimeler.com\/hikaye\/wp-json\/wp\/v2\/types\/post"}],"author":[{"embeddable":true,"href":"https:\/\/www.dostkelimeler.com\/hikaye\/wp-json\/wp\/v2\/users\/1"}],"replies":[{"embeddable":true,"href":"https:\/\/www.dostkelimeler.com\/hikaye\/wp-json\/wp\/v2\/comments?post=253"}],"version-history":[{"count":0,"href":"https:\/\/www.dostkelimeler.com\/hikaye\/wp-json\/wp\/v2\/posts\/253\/revisions"}],"wp:featuredmedia":[{"embeddable":true,"href":"https:\/\/www.dostkelimeler.com\/hikaye\/wp-json\/wp\/v2\/media\/254"}],"wp:attachment":[{"href":"https:\/\/www.dostkelimeler.com\/hikaye\/wp-json\/wp\/v2\/media?parent=253"}],"wp:term":[{"taxonomy":"category","embeddable":true,"href":"https:\/\/www.dostkelimeler.com\/hikaye\/wp-json\/wp\/v2\/categories?post=253"},{"taxonomy":"post_tag","embeddable":true,"href":"https:\/\/www.dostkelimeler.com\/hikaye\/wp-json\/wp\/v2\/tags?post=253"},{"taxonomy":"manset","embeddable":true,"href":"https:\/\/www.dostkelimeler.com\/hikaye\/wp-json\/wp\/v2\/manset?post=253"}],"curies":[{"name":"wp","href":"https:\/\/api.w.org\/{rel}","templated":true}]}}