{"id":1178,"date":"2024-09-02T01:00:00","date_gmt":"2024-09-02T01:00:00","guid":{"rendered":"https:\/\/dostkelimeler.com\/hikaye\/?p=1178"},"modified":"2024-09-03T07:22:39","modified_gmt":"2024-09-03T07:22:39","slug":"aycicegi-neden-yuzunu-gunese-doner","status":"publish","type":"post","link":"https:\/\/www.dostkelimeler.com\/hikaye\/aycicegi-neden-yuzunu-gunese-doner\/","title":{"rendered":"Ay\u00e7i\u00e7e\u011fi neden y\u00fcz\u00fcn\u00fc g\u00fcne\u015fe d\u00f6ner"},"content":{"rendered":"<h2 class=\"JlqpRe\" style=\"text-align: center;\"><span class=\"JCzEY tNxQIb\" style=\"color: #003366;\"><span class=\"CSkcDe\">Ay\u00e7i\u00e7e\u011fi neden y\u00fcz\u00fcn\u00fc g\u00fcne\u015fe d\u00f6ner ?<\/span><\/span><\/h2>\n<div class=\"p8Jhnd\">\n<div class=\"aj35ze\"><\/div>\n<\/div>\n<p>Bir zamanlar, kayal\u0131klar\u0131n korunakl\u0131 bir k\u00f6\u015fesinde ya\u015fayan k\u00fc\u00e7\u00fck, zarif bir papatya varm\u0131\u015f. Etraf\u0131nda her bahar, ball\u0131babalar, kat\u0131rt\u0131rnaklar\u0131 ve mavi mine \u00e7i\u00e7ekleri a\u00e7ar, sabah g\u00fcne\u015fiyle birlikte hepsi canlanarak g\u00f6ky\u00fcz\u00fcne ne\u015feli \u015fark\u0131lar s\u00f6ylerlermi\u015f. Bu \u00e7i\u00e7ekler, birbirine ba\u011fl\u0131, dost canl\u0131s\u0131 ve huzur i\u00e7inde ya\u015fayan bir topluluk olu\u015ftururmu\u015f.<\/p>\n<p>G\u00fcnler g\u00fcnleri kovalam\u0131\u015f, mevsimler de\u011fi\u015fmi\u015f. Bir g\u00fcn, k\u00fc\u00e7\u00fck papatya, her zamanki gibi sabah g\u00fcne\u015fiyle uyanm\u0131\u015f, ancak o sabah di\u011fer sabahlardan farkl\u0131ym\u0131\u015f. Normalde canl\u0131 ve enerji dolu olan papatya, kendini halsiz, solgun ve g\u00fc\u00e7s\u00fcz hissetmi\u015f. \u0130ncecik sap\u0131 r\u00fczgar\u0131n hafif esintisiyle bile k\u0131r\u0131lacak gibiymi\u015f. \u201cBelki de d\u00fcn gece ya\u011fan \u015fiddetli ya\u011fmurun etkisindendir,\u201d diye d\u00fc\u015f\u00fcnm\u00fc\u015f. Tam o s\u0131rada, yak\u0131n arkada\u015f\u0131 ball\u0131baban\u0131n bitkin halde topra\u011fa serildi\u011fini g\u00f6rm\u00fc\u015f. Endi\u015feyle ona seslenmi\u015f: \u201cNe oldu sana, neden bu halde yat\u0131yorsun?\u201d<\/p>\n<p>Ball\u0131baba, papatyan\u0131n sesini duyunca g\u00fc\u00e7l\u00fckle ba\u015f\u0131n\u0131 kald\u0131rm\u0131\u015f. G\u00f6zlerinden ya\u015flar s\u00fcz\u00fcl\u00fcyormu\u015f. \u201cSevgili papatya,\u201d demi\u015f \u00fczg\u00fcn bir sesle, \u201cBeni merak ediyorsan, di\u011fer arkada\u015flar\u0131m\u0131z\u0131n durumuna bakmal\u0131s\u0131n. Hepimiz peri\u015fan\u0131z. D\u00fcn gece ya\u011fan ya\u011fmur o kadar \u015fiddetliydi ki topra\u011f\u0131m\u0131z\u0131 s\u00f6k\u00fcp g\u00f6t\u00fcrd\u00fc. K\u00f6klerimiz a\u00e7\u0131\u011fa \u00e7\u0131kt\u0131 ve bu \u015fekilde hayatta kalmam\u0131z m\u00fcmk\u00fcn de\u011fil. Yava\u015f yava\u015f \u00f6l\u00fcyoruz.\u201d<\/p>\n<p>Papatya, duyduklar\u0131na inanmakta zorluk \u00e7ekmi\u015f, etraf\u0131na bak\u0131nm\u0131\u015f ve g\u00f6rd\u00fckleri kar\u015f\u0131s\u0131nda y\u00fcre\u011fi s\u0131zlam\u0131\u015f. T\u00fcm arkada\u015flar\u0131, birer birer topraklar\u0131ndan kopmu\u015f, cans\u0131z bir \u015fekilde yat\u0131yorlarm\u0131\u015f. Papatya, kendi durumunu d\u00fc\u015f\u00fcnm\u00fc\u015f: \u201cAma ben neden hala dimdik ayaktay\u0131m? Benim k\u00f6klerim neden yerinden \u00e7\u0131kmad\u0131?\u201d O s\u0131rada, mavi mine \u00e7i\u00e7e\u011fi zay\u0131f bir sesle ona cevap vermi\u015f: \u201cSenin koruyuculu\u011funu yapan b\u00fcy\u00fck bir kaya var. O kaya seni \u015fiddetli ya\u011fmurlardan, f\u0131rt\u0131nalardan korudu. Ama bizlerin b\u00f6yle bir koruyucusu yoktu. Art\u0131k sonbahar geldi ve bu ya\u011fmurlar daha da \u015fiddetlenecek. Bizim i\u00e7in art\u0131k ka\u00e7\u0131\u015f yok. Elveda, sevgili papatya.\u201d<\/p>\n<p>Papatya, dostlar\u0131n\u0131n bu ac\u0131 vedas\u0131n\u0131 kabul edememi\u015f. Onlar\u0131 kaybetmek istemiyormu\u015f. G\u00f6zya\u015flar\u0131yla dolu bir sesle: \u201cHay\u0131r! Sizi kaybedemem! E\u011fer ben gelecek baharda burada olacaksam, sizler de benimle olmal\u0131s\u0131n\u0131z!\u201d diye hayk\u0131rm\u0131\u015f. Mavi mine h\u00fcz\u00fcnle ba\u015f\u0131n\u0131 sallam\u0131\u015f: \u201cBu imkans\u0131z, papatya. Bizler \u00f6lmek zorunday\u0131z.\u201d Ancak papatya, umutsuzlu\u011fa kap\u0131lmam\u0131\u015f, kararl\u0131 ve inat\u00e7\u0131 bir sesle: \u201cBirlikte ya\u015faman\u0131n bir yolunu bulaca\u011f\u0131z,\u201d demi\u015f. \u201cTohumlar\u0131n\u0131z\u0131 bana verin, onlar\u0131 k\u0131\u015f boyunca g\u00fcvenle saklayaca\u011f\u0131m. Gelecek y\u0131l hep birlikte yeniden filizlenece\u011fiz.\u201d<\/p>\n<p>Arkada\u015flar\u0131 \u00f6nce bu fikre inanmakta zorluk \u00e7ekmi\u015f, ama papatyan\u0131n kararl\u0131l\u0131\u011f\u0131n\u0131 g\u00f6r\u00fcnce tohumlar\u0131n\u0131 ona emanet etmeye karar vermi\u015fler. Papatya, dostlar\u0131n\u0131n tohumlar\u0131n\u0131 b\u00fcy\u00fck bir \u00f6zenle toplam\u0131\u015f. Onlar\u0131 kendi g\u00f6vdesine yap\u0131\u015ft\u0131rm\u0131\u015f, k\u00f6kleriyle topra\u011fa daha s\u0131k\u0131 sar\u0131lm\u0131\u015f ve t\u00fcm g\u00fcc\u00fcyle \u00e7al\u0131\u015fmaya ba\u015flam\u0131\u015f. Zorlu k\u0131\u015f boyunca, papatya k\u00f6klerini derinle\u015ftirmi\u015f, g\u00f6vdesini kal\u0131nla\u015ft\u0131rm\u0131\u015f ve yapraklar\u0131n\u0131 geni\u015fletmi\u015f. Ya\u011fmurlar\u0131n, r\u00fczgarlar\u0131n ve karlar\u0131n h\u0131r\u00e7\u0131n sald\u0131r\u0131lar\u0131na kar\u015f\u0131 dayanm\u0131\u015f, dostlar\u0131n\u0131n tohumlar\u0131n\u0131 korumak i\u00e7in b\u00fcy\u00fck bir \u00e7aba g\u00f6stermi\u015f. G\u00f6zlerini s\u00fcrekli g\u00f6ky\u00fcz\u00fcnde, g\u00fcne\u015fin yeniden do\u011fmas\u0131n\u0131 beklemi\u015f. G\u00fcne\u015fi ne zaman g\u00f6rse, y\u00fcz\u00fcn\u00fc ona \u00e7evirmi\u015f, \u0131s\u0131s\u0131n\u0131 hissetmek istemi\u015f.<\/p>\n<p>O sert ve so\u011fuk k\u0131\u015f\u0131 atlatt\u0131ktan sonra, bahar\u0131n ilk s\u0131cak g\u00fcne\u015f \u0131\u015f\u0131klar\u0131 topra\u011fa d\u00fc\u015ft\u00fc\u011f\u00fcnde, papatya art\u0131k eskisinden \u00e7ok farkl\u0131ym\u0131\u015f. Art\u0131k o bir papatya de\u011fil, kocaman ve g\u00fc\u00e7l\u00fc bir ay\u00e7i\u00e7e\u011fi olmu\u015f. Geni\u015f yapraklar\u0131, g\u00fcne\u015fi izleyen y\u00fcz\u00fc ve sa\u011flam k\u00f6kleriyle dimdik ayaktaym\u0131\u015f. T\u00fcm k\u0131\u015f boyunca saklad\u0131\u011f\u0131 tohumlar zarar g\u00f6rmemi\u015f, hepsi sapasa\u011flam onunla birlikte yeni bir hayata ba\u015flam\u0131\u015f. Bu fedakar \u00e7i\u00e7ek, sadece kendini de\u011fil, dostlar\u0131n\u0131 da kurtarm\u0131\u015f. O g\u00fcnden sonra, ay\u00e7i\u00e7e\u011fi hep g\u00fcne\u015fe do\u011fru d\u00f6nermi\u015f, \u00e7\u00fcnk\u00fc g\u00fcne\u015f ona sevginin, dostlu\u011fun ve ya\u015fam\u0131n \u0131\u015f\u0131\u011f\u0131n\u0131 hat\u0131rlat\u0131rm\u0131\u015f.<\/p>\n<p>Ay\u00e7i\u00e7e\u011fi, dostlu\u011fun, fedakarl\u0131\u011f\u0131n ve sevginin \u00f6l\u00fcms\u00fcz simgesi olarak ya\u015fam\u0131na devam etmi\u015f. Onun hikayesi, d\u00fcnyan\u0131n d\u00f6rt bir yan\u0131nda anlat\u0131l\u0131r olmu\u015f. \u00c7\u00fcnk\u00fc onun fedakarl\u0131\u011f\u0131, dostluklar\u0131 korumak i\u00e7in g\u00f6sterdi\u011fi azim, hepimize ilham vermi\u015f. G\u00fcne\u015f, ay\u00e7i\u00e7e\u011finin en sad\u0131k dostu olmu\u015f; her sabah do\u011farken ona umut, sevgi ve ya\u015fam vermi\u015f. Ay\u00e7i\u00e7e\u011fi ise her sabah y\u00fcz\u00fcn\u00fc g\u00fcne\u015fe \u00e7evirmi\u015f, dostlar\u0131n\u0131n yan\u0131nda oldu\u011funu bir kez daha hat\u0131rlam\u0131\u015f. \u00c7\u00fcnk\u00fc d\u00fcnyay\u0131 ve y\u00fcrekleri ayd\u0131nlatan g\u00fcne\u015f, sevginin ta kendisiymi\u015f.<\/p>\n<hr \/>\n<hr \/>\n<h3><a href=\"https:\/\/www.dostkelimeler.com\/hikaye\/kategori\/ibretlik-hikayeler\/\">\u0130bretlik Hikayeler<\/a><\/h3>\n<h3><a href=\"https:\/\/www.dostkelimeler.com\/hikaye\/kategori\/ask-hikayeleri\/\">A\u015fk hikayeleri<\/a><\/h3>\n<\/p>","protected":false},"excerpt":{"rendered":"<p>Ay\u00e7i\u00e7e\u011fi neden y\u00fcz\u00fcn\u00fc g\u00fcne\u015fe d\u00f6ner ? Bir zamanlar, kayal\u0131klar\u0131n korunakl\u0131 bir k\u00f6\u015fesinde ya\u015fayan k\u00fc\u00e7\u00fck, zarif bir papatya varm\u0131\u015f. Etraf\u0131nda her&#46;&#46;&#46;<\/p>\n","protected":false},"author":1,"featured_media":2422,"comment_status":"open","ping_status":"open","sticky":false,"template":"","format":"standard","meta":{"footnotes":""},"categories":[39,321,16,38],"tags":[],"manset":[],"class_list":["post-1178","post","type-post","status-publish","format-standard","has-post-thumbnail","hentry","category-dostluk-hikayeleri","category-cocuk-hikayeleri","category-guzel-hikayeler","category-iyilik-hikayeleri"],"_links":{"self":[{"href":"https:\/\/www.dostkelimeler.com\/hikaye\/wp-json\/wp\/v2\/posts\/1178","targetHints":{"allow":["GET"]}}],"collection":[{"href":"https:\/\/www.dostkelimeler.com\/hikaye\/wp-json\/wp\/v2\/posts"}],"about":[{"href":"https:\/\/www.dostkelimeler.com\/hikaye\/wp-json\/wp\/v2\/types\/post"}],"author":[{"embeddable":true,"href":"https:\/\/www.dostkelimeler.com\/hikaye\/wp-json\/wp\/v2\/users\/1"}],"replies":[{"embeddable":true,"href":"https:\/\/www.dostkelimeler.com\/hikaye\/wp-json\/wp\/v2\/comments?post=1178"}],"version-history":[{"count":1,"href":"https:\/\/www.dostkelimeler.com\/hikaye\/wp-json\/wp\/v2\/posts\/1178\/revisions"}],"predecessor-version":[{"id":2423,"href":"https:\/\/www.dostkelimeler.com\/hikaye\/wp-json\/wp\/v2\/posts\/1178\/revisions\/2423"}],"wp:featuredmedia":[{"embeddable":true,"href":"https:\/\/www.dostkelimeler.com\/hikaye\/wp-json\/wp\/v2\/media\/2422"}],"wp:attachment":[{"href":"https:\/\/www.dostkelimeler.com\/hikaye\/wp-json\/wp\/v2\/media?parent=1178"}],"wp:term":[{"taxonomy":"category","embeddable":true,"href":"https:\/\/www.dostkelimeler.com\/hikaye\/wp-json\/wp\/v2\/categories?post=1178"},{"taxonomy":"post_tag","embeddable":true,"href":"https:\/\/www.dostkelimeler.com\/hikaye\/wp-json\/wp\/v2\/tags?post=1178"},{"taxonomy":"manset","embeddable":true,"href":"https:\/\/www.dostkelimeler.com\/hikaye\/wp-json\/wp\/v2\/manset?post=1178"}],"curies":[{"name":"wp","href":"https:\/\/api.w.org\/{rel}","templated":true}]}}