{"id":1136,"date":"2024-08-24T14:00:00","date_gmt":"2024-08-24T14:00:00","guid":{"rendered":"https:\/\/dostkelimeler.com\/hikaye\/?p=1136"},"modified":"2024-08-26T12:09:20","modified_gmt":"2024-08-26T12:09:20","slug":"berline-gonderilen-yetimler","status":"publish","type":"post","link":"https:\/\/www.dostkelimeler.com\/hikaye\/berline-gonderilen-yetimler\/","title":{"rendered":"BERL\u0130N\u2019E G\u00d6NDER\u0130LEN YET\u0130MLER"},"content":{"rendered":"<h2 style=\"text-align: center;\"><span style=\"color: #003300;\">BERL\u0130N\u2019E G\u00d6NDER\u0130LEN YET\u0130MLER<\/span><\/h2>\n<p>Nisan 1917.<\/p>\n<p>Berlin\u2019deki gara bir tren yana\u015f\u0131r. \u0130\u00e7inden 14-16 ya\u015flar\u0131nda 314 \u00e7ocuk iner \u015fa\u015fk\u0131n ve merakl\u0131 bak\u0131\u015flarla. Almanya\u2019ya zirai alanlarda \u00e7\u0131rak olarak \u00e7al\u0131\u015fmaya gelen bu \u00e7ocuklar, Osmanl\u0131\u2019n\u0131n yetim \u00e7ocuklar\u0131 idi.<\/p>\n<p>Dar\u00fc\u2019leytamlarda her ge\u00e7en g\u00fcn say\u0131s\u0131 artan 1.D\u00fcnya Sava\u015f\u0131 s\u0131ras\u0131nda \u015fehit d\u00fc\u015fen vatan evlatlar\u0131n\u0131n \u00e7ocuklar\u0131 idi onlar.<\/p>\n<p>Madenlerde ve zirai alanlarda \u00e7al\u0131\u015ft\u0131r\u0131lmak i\u00e7in Almanya\u2019ya g\u00f6nderilen, Avrupai pelerinler ve kepler giydirilmi\u015f 14-16 ya\u015f aras\u0131ndaki yetimlerimiz.<\/p>\n<p>T\u00fcrkiye\u2019den Almanya\u2019ya i\u015f\u00e7i g\u00f6nderilmesinin milad\u0131 olarak, T\u00fcrk-Alman \u0130\u015f\u00e7i Al\u0131m\u0131 Anla\u015fmas\u0131\u2019n\u0131n imzaland\u0131\u011f\u0131 31 Ekim 1961 tarihi kabul edilse de Almanya\u2019ya ilk gidenler Birinci D\u00fcnya Sava\u015f\u0131\u2019nda yetim kalm\u0131\u015f \u00e7ocuk i\u015f\u00e7ilerdi. 1917-1918\u2019de zanaatk\u00e2r \u00e7\u0131ra\u011f\u0131, tar\u0131m \u00e7\u0131ra\u011f\u0131 ve maden i\u015f\u00e7isi olarak Osmanl\u0131\u2019dan Almanya\u2019ya g\u00f6nderilen yetimler, T\u00fcrk, Ermeni, Arap, Yahudi as\u0131ll\u0131 y\u00fczlerce \u00f6\u011frenci\/i\u015f\u00e7i \u00e7ocuktu. 314 ki\u015filik grup Nisan 1917 sonunda Sirkeci\u2019den askeri bir trene bindirilip on g\u00fcnde Berlin\u2019e ula\u015ft\u0131. G\u00f6n\u00fcll\u00fc olan ancak gittikleri yerde maden ocaklar\u0131nda \u00e7al\u0131\u015facaklar\u0131ndan haberi olmayan, 200 \u00e7ocuktan olu\u015fan ikinci gruptaki yetimlerse Mara\u015f, Antep, Kilis, Ankara, S\u00f6\u011f\u00fct, Ni\u011fde, Konya, Bursa, Manisa, Karahisar ve Edirne\u2019den gelmi\u015flerdi.<\/p>\n<p>En k\u00fc\u00e7\u00fc\u011f\u00fc 7 en b\u00fcy\u00fckleri ise 15-16 ya\u015flar\u0131ndaki bu \u00e7ocuklar\u0131n Almanya\u2019ya g\u00f6n\u00fcll\u00fc gitti\u011fi s\u00f6yleniyordu ancak muhtemelen oraya vard\u0131klar\u0131nda \u00fc\u00e7 y\u0131l \u00fccretsiz \u00e7al\u0131\u015f\u0131p, d\u00f6rd\u00fcnc\u00fc sene maa\u015f almaya ba\u015flayacaklar\u0131ndan haberleri yoktu.<\/p>\n<p>\u00c7ocuklar\u0131n sa\u011fl\u0131k, beslenme, k\u0131yafet, hijyen sorunlar\u0131 vard\u0131. Dil bilmiyorlard\u0131 \u00c7ocuklar\u0131n tavr\u0131 da bir sorundu. Y\u00f6neticiler \u00e7al\u0131\u015fmak istemediklerini, ka\u00e7t\u0131klar\u0131n\u0131, kavga ettiklerini s\u00f6yl\u00fcyorlard\u0131.<\/p>\n<p>Neden sava\u015f\u0131n ortas\u0131nda yetimlerin Almanya\u2019ya g\u00f6nderilmesine karar verilmi\u015fti? Osmanl\u0131 a\u00e7\u0131s\u0131ndan iyi e\u011fitilmi\u015f, i\u015f becerisi olan i\u015f\u00e7i yeti\u015fmesi ve \u00fclkeye d\u00f6n\u00fcp sanayile\u015fmeye katk\u0131 sunmas\u0131 olarak, Almanya a\u00e7\u0131s\u0131ndan ise i\u015fg\u00fcc\u00fc eksi\u011fini kar\u015f\u0131lamas\u0131 olarak a\u00e7\u0131klan\u0131yordu. Ama Osmanl\u0131 a\u00e7\u0131s\u0131ndan ekonomik a\u00e7\u0131klama yeterli de\u011fil. Hem Alman hem Osmanl\u0131 ar\u015fivlerinde g\u00f6rd\u00fc\u011f\u00fcm, Osmanl\u0131 bu \u00e7ocuklara iyi bir hayat ve e\u011fitim vermekle de\u011fil, olabildi\u011fince \u00e7ok \u00e7ocuk yollamakla ilgiliydi \u00e7\u00fcnk\u00fc hazineye y\u00fck oluyorlard\u0131. Almanlar\u0131n da tek d\u00fcrt\u00fcs\u00fc ekonomik de\u011fil, yar\u0131 s\u00f6m\u00fcrgeci bir d\u00fcrt\u00fcyd\u00fc.<\/p>\n<p>Osmanl\u0131 Devleti\u2019nin Dar\u2019\u00fcleytamlara ia\u015fe vermekte zorland\u0131\u011f\u0131 bir d\u00f6nemde yetim \u00e7ocuklar\u0131n Almanya\u2019ya g\u00f6nderilmesi bir \u00e7are olarak ortaya at\u0131lm\u0131\u015ft\u0131. Fakat baz\u0131 \u015feyler istenildi\u011fi gibi gitmemi\u015fti.<\/p>\n<p>Zirai alanlarda \u00e7al\u0131\u015fan Alman ustalar\u0131n de\u011fil daha \u00e7ok madenlerde \u00e7al\u0131\u015fan Alman ustalar\u0131n yan\u0131na verilmi\u015fti Osmanl\u0131\u2019n\u0131n yetim \u00e7ocuklar\u0131. Madenlerdeki \u015fartlar\u0131n a\u011f\u0131rl\u0131\u011f\u0131, \u00e7ocuklar\u0131n hastalan\u0131p \u00f6lmesine neden oluyordu. Yemeklerdeki k\u00fclt\u00fcrel farkl\u0131l\u0131k, \u00e7ocuklar\u0131n en \u00e7ok zorland\u0131\u011f\u0131 konular\u0131n ba\u015f\u0131nda geliyordu.<\/p>\n<p>Domuz etinin ucuzlu\u011fu nedeni ile Alman ustalar\u0131n s\u0131k t\u00fcketti\u011fi domuz \u00e7orbalar\u0131na Osmanl\u0131\u2019n\u0131n kara bahtl\u0131 yetimleri el s\u00fcrm\u00fcyordu.<\/p>\n<p>Ekmekle kar\u0131nlar\u0131n\u0131 doyurmaya \u00e7al\u0131\u015f\u0131yorlard\u0131. Tuvaletlerde taharet muslu\u011funun olmamas\u0131 da \u00e7ocuklar\u0131 zorlayan bir di\u011fer fakt\u00f6rd\u00fc. \u015eartlar\u0131n a\u011f\u0131rl\u0131\u011f\u0131, yetersiz beslenme, k\u0131yafetlerin kifayetsiz olmas\u0131 gibi nedenlerden dolay\u0131 bir\u00e7ok \u00e7ocuk hastalan\u0131p \u00f6l\u00fcyordu.<\/p>\n<p>F\u0131rsat\u0131n\u0131 bulanlar, ka\u00e7\u0131p Berlin sokaklar\u0131nda ba\u015f\u0131bo\u015f dola\u015f\u0131yorlard\u0131. Fakat Alman polisi \u00e7ocuklar\u0131 yakalay\u0131p tekrar Alman ustalara teslim ediyorlard\u0131.<\/p><div class=\"kanews-banner kanews-banner-single\"><script async src=\"https:\/\/pagead2.googlesyndication.com\/pagead\/js\/adsbygoogle.js?client=ca-pub-8343660164149527\"\r\n     crossorigin=\"anonymous\"><\/script>\r\n<ins class=\"adsbygoogle\"\r\n     style=\"display:block; text-align:center;\"\r\n     data-ad-layout=\"in-article\"\r\n     data-ad-format=\"fluid\"\r\n     data-ad-client=\"ca-pub-8343660164149527\"\r\n     data-ad-slot=\"5722160345\"><\/ins>\r\n<script>\r\n     (adsbygoogle = window.adsbygoogle || []).push({});\r\n<\/script><\/div>\n<p>Bunun bu \u015fekilde y\u00fcr\u00fcmeyece\u011fi anla\u015f\u0131l\u0131nca bir k\u0131s\u0131m \u00e7ocuk, trenlerle \u0130stanbul\u2019a geri yollanm\u0131\u015f bir k\u0131sm\u0131 da yaban ellerde yitip gitmi\u015fti.<\/p>\n<p>Gurbet ellerde anas\u0131z, babas\u0131z ve vatans\u0131z b\u0131rak\u0131lm\u0131\u015f bu \u00e7ocuklar bu topraklarda ya\u015fanm\u0131\u015f ya da ya\u015fat\u0131lm\u0131\u015f bir ac\u0131 olarak kald\u0131.<\/p>\n<p>(Kaynak: Turkishnews. com, Toplumsal Tarih Say\u0131 243-Y\u0131l 2014, Mavi Kep ve Pelerin: Cihan Harbi Y\u0131llar\u0131nda Almanya\u2019da Osmanl\u0131 Yetimleri)<\/p>\n<hr \/>\n<hr \/>\n<h3><span style=\"color: #003366;\"><a style=\"color: #003366;\" href=\"https:\/\/www.dostkelimeler.com\/hikaye\/kategori\/yasanmis-hikayeler\/\">Ya\u015fanm\u0131\u015f Hikayeler<\/a><\/span><\/h3>\n<\/p>","protected":false},"excerpt":{"rendered":"<p>BERL\u0130N\u2019E G\u00d6NDER\u0130LEN YET\u0130MLER Nisan 1917. Berlin\u2019deki gara bir tren yana\u015f\u0131r. \u0130\u00e7inden 14-16 ya\u015flar\u0131nda 314 \u00e7ocuk iner \u015fa\u015fk\u0131n ve merakl\u0131 bak\u0131\u015flarla.&#46;&#46;&#46;<\/p>\n","protected":false},"author":1,"featured_media":2316,"comment_status":"open","ping_status":"open","sticky":false,"template":"","format":"standard","meta":{"footnotes":""},"categories":[8,59],"tags":[],"manset":[],"class_list":["post-1136","post","type-post","status-publish","format-standard","has-post-thumbnail","hentry","category-yasanmis-hikayeler","category-tarihi-hikayeler"],"_links":{"self":[{"href":"https:\/\/www.dostkelimeler.com\/hikaye\/wp-json\/wp\/v2\/posts\/1136","targetHints":{"allow":["GET"]}}],"collection":[{"href":"https:\/\/www.dostkelimeler.com\/hikaye\/wp-json\/wp\/v2\/posts"}],"about":[{"href":"https:\/\/www.dostkelimeler.com\/hikaye\/wp-json\/wp\/v2\/types\/post"}],"author":[{"embeddable":true,"href":"https:\/\/www.dostkelimeler.com\/hikaye\/wp-json\/wp\/v2\/users\/1"}],"replies":[{"embeddable":true,"href":"https:\/\/www.dostkelimeler.com\/hikaye\/wp-json\/wp\/v2\/comments?post=1136"}],"version-history":[{"count":2,"href":"https:\/\/www.dostkelimeler.com\/hikaye\/wp-json\/wp\/v2\/posts\/1136\/revisions"}],"predecessor-version":[{"id":2318,"href":"https:\/\/www.dostkelimeler.com\/hikaye\/wp-json\/wp\/v2\/posts\/1136\/revisions\/2318"}],"wp:featuredmedia":[{"embeddable":true,"href":"https:\/\/www.dostkelimeler.com\/hikaye\/wp-json\/wp\/v2\/media\/2316"}],"wp:attachment":[{"href":"https:\/\/www.dostkelimeler.com\/hikaye\/wp-json\/wp\/v2\/media?parent=1136"}],"wp:term":[{"taxonomy":"category","embeddable":true,"href":"https:\/\/www.dostkelimeler.com\/hikaye\/wp-json\/wp\/v2\/categories?post=1136"},{"taxonomy":"post_tag","embeddable":true,"href":"https:\/\/www.dostkelimeler.com\/hikaye\/wp-json\/wp\/v2\/tags?post=1136"},{"taxonomy":"manset","embeddable":true,"href":"https:\/\/www.dostkelimeler.com\/hikaye\/wp-json\/wp\/v2\/manset?post=1136"}],"curies":[{"name":"wp","href":"https:\/\/api.w.org\/{rel}","templated":true}]}}