{"id":113,"date":"2016-04-06T09:54:33","date_gmt":"2016-04-06T09:54:33","guid":{"rendered":"https:\/\/dostkelimeler.com\/hikaye\/2016\/04\/06\/gercek-dostluk-hikayesi\/"},"modified":"2016-04-06T09:54:33","modified_gmt":"2016-04-06T09:54:33","slug":"gercek-dostluk-hikayesi","status":"publish","type":"post","link":"https:\/\/www.dostkelimeler.com\/hikaye\/gercek-dostluk-hikayesi\/","title":{"rendered":"Ger\u00e7ek Dostluk hikayesi"},"content":{"rendered":"<p><strong>Sizlere bu b\u00f6l\u00fcmde Ger\u00e7ek Dostluk ile ilgili hikaye, Ger\u00e7ek Dostluk hakk\u0131nda hikaye, Ger\u00e7ek Dostluk hikayesi aktarmaya \u00e7al\u0131\u015ft\u0131k. \u00c7ok ibretlik Ger\u00e7ek Dostluk hikayesinden nasiplenmeniz dileklerimizle.<\/strong><\/p>\n<p><span style=\"color: #ff0000;\"><strong>Ger\u00e7ek Dostluk hikayesi<\/strong><\/span><\/p>\n<p>Mevlana ve bir \u00f6\u011frencisi, dostlu\u011fun ve arkada\u015fl\u0131\u011f\u0131n konu edildi\u011fi bir s\u00f6yle\u015fiden \u00e7\u0131km\u0131\u015flar, yolda birlikte y\u00fcr\u00fcyorlard\u0131. Biraz ileride yolun kenar\u0131nda, iki k\u00f6pe\u011fin koyun koyuna sokulmu\u015flar, birlikte uyumakta olduklar\u0131n\u0131 g\u00f6rd\u00fcler. \u00d6\u011frencisi, biraz \u00f6nceki s\u00f6yle\u015finin de etkisi alt\u0131nda kalarak, bu g\u00f6r\u00fcnt\u00fc kar\u015f\u0131s\u0131nda \u00e7ok duyguland\u0131 ve bu duygusunu Mevlana ile payla\u015fmak istedi:<\/p>\n<p>&#8220;Efendim \u015fu manzaraya bak\u0131n&#8221; dedi. &#8220;Ne denli y\u00fcce bir ders al\u0131nacak dostluk \u00f6rne\u011fi, de\u011fil mi?&#8221;<\/p>\n<p>Mevlana, \u00f6\u011frencisinin bu heyecan\u0131 kar\u015f\u0131s\u0131nda hafif\u00e7e g\u00fcl\u00fcmsedi ve ki\u015fisel \u00e7\u0131karlar\u0131n nice dostluklar\u0131 yak\u0131p k\u00fcl etti\u011fini an\u0131msatt\u0131ktan sonra ona, unutamayaca\u011f\u0131 bir ders verdi:<\/p>\n<p>&#8220;Evlat, sen onlar\u0131n aras\u0131na bir kemik at\u0131ver de, bak o zaman g\u00f6r dostluklar\u0131n\u0131&#8221; dedi.<\/p>\n<p>&#8220;Bir dostluk, ki\u015fisel \u00e7\u0131kar kar\u015f\u0131s\u0131nda unutulmayacak denli sa\u011flamsa, ancak o durumda bir de\u011fer ifade eder ve ancak o zaman onun ad\u0131na &#8216;ger\u00e7ek dostluk&#8217; denilir.<\/p>\n","protected":false},"excerpt":{"rendered":"<p>Sizlere bu b\u00f6l\u00fcmde Ger\u00e7ek Dostluk ile ilgili hikaye, Ger\u00e7ek Dostluk hakk\u0131nda hikaye, Ger\u00e7ek Dostluk hikayesi aktarmaya \u00e7al\u0131\u015ft\u0131k. \u00c7ok ibretlik Ger\u00e7ek&#46;&#46;&#46;<\/p>\n","protected":false},"author":1,"featured_media":114,"comment_status":"open","ping_status":"open","sticky":false,"template":"","format":"standard","meta":{"footnotes":""},"categories":[39,5,11,40],"tags":[],"manset":[],"class_list":["post-113","post","type-post","status-publish","format-standard","has-post-thumbnail","hentry","category-dostluk-hikayeleri","category-ibretlik-hikayeler","category-kisa-hikayeler","category-mesneviden-hikayeler"],"_links":{"self":[{"href":"https:\/\/www.dostkelimeler.com\/hikaye\/wp-json\/wp\/v2\/posts\/113","targetHints":{"allow":["GET"]}}],"collection":[{"href":"https:\/\/www.dostkelimeler.com\/hikaye\/wp-json\/wp\/v2\/posts"}],"about":[{"href":"https:\/\/www.dostkelimeler.com\/hikaye\/wp-json\/wp\/v2\/types\/post"}],"author":[{"embeddable":true,"href":"https:\/\/www.dostkelimeler.com\/hikaye\/wp-json\/wp\/v2\/users\/1"}],"replies":[{"embeddable":true,"href":"https:\/\/www.dostkelimeler.com\/hikaye\/wp-json\/wp\/v2\/comments?post=113"}],"version-history":[{"count":0,"href":"https:\/\/www.dostkelimeler.com\/hikaye\/wp-json\/wp\/v2\/posts\/113\/revisions"}],"wp:featuredmedia":[{"embeddable":true,"href":"https:\/\/www.dostkelimeler.com\/hikaye\/wp-json\/wp\/v2\/media\/114"}],"wp:attachment":[{"href":"https:\/\/www.dostkelimeler.com\/hikaye\/wp-json\/wp\/v2\/media?parent=113"}],"wp:term":[{"taxonomy":"category","embeddable":true,"href":"https:\/\/www.dostkelimeler.com\/hikaye\/wp-json\/wp\/v2\/categories?post=113"},{"taxonomy":"post_tag","embeddable":true,"href":"https:\/\/www.dostkelimeler.com\/hikaye\/wp-json\/wp\/v2\/tags?post=113"},{"taxonomy":"manset","embeddable":true,"href":"https:\/\/www.dostkelimeler.com\/hikaye\/wp-json\/wp\/v2\/manset?post=113"}],"curies":[{"name":"wp","href":"https:\/\/api.w.org\/{rel}","templated":true}]}}