{"id":1120,"date":"2024-08-22T15:00:00","date_gmt":"2024-08-22T15:00:00","guid":{"rendered":"https:\/\/dostkelimeler.com\/hikaye\/?p=1120"},"modified":"2024-08-23T11:50:31","modified_gmt":"2024-08-23T11:50:31","slug":"gobeklitepe-nasil-bulundu","status":"publish","type":"post","link":"https:\/\/www.dostkelimeler.com\/hikaye\/gobeklitepe-nasil-bulundu\/","title":{"rendered":"G\u00f6bekliTepe Nas\u0131l Bulundu"},"content":{"rendered":"<h2 style=\"text-align: center;\"><span style=\"color: #003366;\">G\u00f6bekliTepe Nas\u0131l Bulundu<\/span><\/h2>\n<p>Y\u0131l 1986 idi.<\/p>\n<p>Mahmut K\u0131l\u0131\u00e7 \u015eanl\u0131Urfa&#8217;n\u0131n \u00d6rencik K\u00f6y\u00fc&#8217;nde ya\u015fayan bir ihtiyar \u00e7iftciydi.<\/p>\n<p>Bir \u015fubat sabah\u0131 tarlas\u0131n\u0131 kara sabanla s\u00fcrerken b\u00fcy\u00fck bir ta\u015fa tak\u0131ld\u0131.<\/p>\n<p>Ne kadar zorlasa nafile.<\/p>\n<p>Ta\u015f\u0131n etraf\u0131n\u0131 biraz kazd\u0131, g\u00f6rd\u00fc\u011f\u00fc inan\u0131lmazd\u0131.<\/p>\n<p>Bu \u00fczerinde 3 tane el \u00e7antas\u0131 ve ilgin\u00e7 yarat\u0131klar\u0131n oyuldu\u011fu dev bir ta\u015f s\u00fctunun toprak \u00fcst\u00fcne \u00e7\u0131km\u0131\u015f y\u00fcz\u00fcyd\u00fc.<\/p>\n<p>Kendisinin bu s\u00fctunu yerinden oynatmas\u0131 imkans\u0131zd\u0131.<\/p>\n<p>Biraz daha kazd\u0131.<\/p>\n<p>S\u00fctunun hemen yan\u0131nda 75 santimetre boyunda bir heykel buldu.<\/p>\n<p>\u0130htiyar \u00e7iftci tarlay\u0131 s\u00fcrmeyi b\u0131rakt\u0131, heykeli al\u0131p Urfa M\u00fczesine ko\u015ftu.<\/p>\n<p>Mahmut K\u0131l\u0131\u00e7&#8217;\u0131n buldu\u011fu bu heykel insanl\u0131k tarihini de\u011fi\u015ftirdi.<\/p>\n<p>Bulundu\u011fu yer &#8220;G\u00f6bekli Tepe&#8221; idi.<\/p>\n<p>Pop\u00fcler tarih uygarl\u0131\u011f\u0131n M.\u00d6. 10 bininci y\u0131llarda, tar\u0131mla ba\u015flad\u0131\u011f\u0131 varsay\u0131yordu.<\/p><div class=\"kanews-banner kanews-banner-single\"><script async src=\"https:\/\/pagead2.googlesyndication.com\/pagead\/js\/adsbygoogle.js?client=ca-pub-8343660164149527\"\r\n     crossorigin=\"anonymous\"><\/script>\r\n<ins class=\"adsbygoogle\"\r\n     style=\"display:block; text-align:center;\"\r\n     data-ad-layout=\"in-article\"\r\n     data-ad-format=\"fluid\"\r\n     data-ad-client=\"ca-pub-8343660164149527\"\r\n     data-ad-slot=\"5722160345\"><\/ins>\r\n<script>\r\n     (adsbygoogle = window.adsbygoogle || []).push({});\r\n<\/script><\/div>\n<p>Tar\u0131m yerle\u015fik hayat\u0131, yerle\u015fik hayat da k\u00fclt\u00fcr\u00fc, sanat\u0131 ve dini, k\u0131sacas\u0131 \u201cuygarl\u0131k\u201d dedi\u011fimiz geli\u015fimi meydana getirmi\u015fti.<\/p>\n<p>Klasik uygarl\u0131klar s\u0131ralamas\u0131 \u015f\u00f6yleydi:<\/p>\n<p>S\u00fcmer Uygarl\u0131\u011f\u0131 (M\u00d6.4000): Dicle ve F\u0131rat<\/p>\n<p>M\u0131s\u0131r Uygarl\u0131\u011f\u0131 (M\u00d6.3500 ): Nil Nehri<\/p>\n<p>Maya Uygarl\u0131\u011f\u0131 (M\u00d6. 2600): G\u00fcney Amerika<\/p>\n<p>Hint Uygarl\u0131\u011f\u0131 (M\u00d6.2500): \u0130nd\u00fcs Irma\u011f\u0131<\/p>\n<p>\u00c7in Uygarl\u0131\u011f\u0131 (M\u00d6.1500): Sar\u0131 Irmak<\/p>\n<p>Bizim ihtiyar \u00e7iftcinin buldu\u011fu G\u00f6bekli Tepe bu tarihi alt \u00fcst etti..<\/p>\n<p>\u00c7\u00fcnk\u00fc G\u00f6bekli Tepe tam 12000 y\u0131ll\u0131kt\u0131..<\/p>\n<p>S\u00fcmerler&#8217;den 7000, Stonehenge\u2019den 7500, Piramitler\u2019den de 8000 y\u0131l eskiydi..<\/p>\n<p>Bu klasik tarih biliminin iflas\u0131yd\u0131.<\/p>\n<p>\u0130nsanl\u0131\u011f\u0131n ge\u00e7mi\u015finin yeniden ara\u015ft\u0131r\u0131l\u0131p yaz\u0131lmas\u0131 gereklili\u011finin somut kan\u0131t\u0131yd\u0131.<\/p>\n<p>Urfal\u0131 ihtiyar \u00e7ift\u00e7inin buldu\u011fu dev ta\u015f s\u00fctunun \u00fcst\u00fcnde 3 adet el \u00e7antas\u0131 oymas\u0131 vard\u0131.<\/p>\n<p>Bu 12000 y\u0131l \u00f6nce el \u00e7antas\u0131 kullan\u0131ld\u0131\u011f\u0131n\u0131n da kan\u0131t\u0131yd\u0131.<\/p>\n<p>Ancak arkeologlar\u0131 as\u0131l \u015fa\u015f\u0131rtan d\u00fcnyan\u0131n hemen hemen her k\u00f6\u015fesindeki kaz\u0131larda ayn\u0131 model \u00e7anta oymalar\u0131na rastlanm\u0131\u015f olmas\u0131yd\u0131.<\/p>\n<p>..Ve bu \u00e7antalar\u0131 insanlar de\u011fil, o insanlar\u0131n Tanr\u0131lar\u0131 ta\u015f\u0131yordu.<\/p>\n<p>\u00c7antalar sanki tek fabrikadan \u00e7\u0131km\u0131\u015f gibiydi..<\/p>\n<p>S\u00fcmerler&#8217;de, Hititler&#8217;de, Asurlular&#8217;da, M\u0131s\u0131rl\u0131lar&#8217;da, Aztekler&#8217;de, Mayalar&#8217;da, Hindistan&#8217;da, Afrika&#8217;da, Paskalya Adas\u0131&#8217;nda, hatta Bosna&#8217;daki kaz\u0131larda bile dev boyutlardaki tanr\u0131 fig\u00fcrlerinde hep el \u00e7antas\u0131 vard\u0131..<\/p>\n<p>Afrika yerlileri Dogonlar el \u00e7antas\u0131 kullanm\u0131yordu ama bunu duvarlar\u0131n\u0131 \u00e7iziyorlard\u0131.<\/p>\n<p>Birbirlerinden haberleri bile olmayan farkl\u0131 k\u0131talardaki insanlar\u0131n \u00e7anta modas\u0131 inan\u0131lacak gibi de\u011fildi..<\/p>\n<p>Tar\u0131mla u\u011fra\u015fan insanlar\u0131n yanlar\u0131nda el \u00e7antas\u0131 ta\u015f\u0131mas\u0131 mant\u0131ks\u0131zd\u0131.<\/p>\n<p>O zaman bu \u00e7anta ta\u015f\u0131yan ve Tanr\u0131 olarak betimlenen dev heykeller kimlerdi?<\/p>\n<p>Acaba ilkel insan bu \u00e7antay\u0131 kendisinden \u00fcst\u00fcn olan bir \u0131rkta g\u00f6rd\u00fc\u011f\u00fc i\u00e7in mi kutsalla\u015ft\u0131rm\u0131\u015ft\u0131?.<\/p>\n<p>\u00d6yle ise kimdi bu \u00e7antac\u0131lar?.<\/p>\n<p>Ve o \u00e7antalar\u0131n i\u00e7inde ne vard\u0131?<\/p>\n<p>Neden insanlar onu her ta\u015fa oyacak kadar kutsalla\u015ft\u0131rd\u0131?<\/p>\n<p>Arkeoloji d\u00fcnyas\u0131 insanl\u0131\u011f\u0131n ge\u00e7mi\u015fi ile ilgili binlerce sorunun cevab\u0131n\u0131 g\u00fcn \u0131\u015f\u0131\u011f\u0131na \u00e7\u0131karmaya \u00e7al\u0131\u015f\u0131yor.<\/p>\n<p>Her yeni kaz\u0131 ge\u00e7mi\u015fimizle ilgili bilmedi\u011fimiz daha \u00e7ok \u015feyin oldu\u011funu kan\u0131tl\u0131yor.<\/p>\n<p>..Ve her yeni bilgi insanl\u0131k tarihini yeniden yazd\u0131r\u0131yor. Bakal\u0131m t\u00fcm d\u00fcnyan\u0131n ortak k\u00fclt\u00fcr\u00fc bu 12000 y\u0131ll\u0131k \u00e7anta modas\u0131n\u0131n s\u0131rr\u0131 ne zaman \u00e7\u00f6z\u00fclecek?<\/p>\n<p>O s\u0131r \u00e7\u00f6z\u00fcld\u00fc\u011f\u00fcnde belki de as\u0131rlar boyu bize \u00f6\u011fretilenlere g\u00fcl\u00fcp, bilgisizli\u011fimize \u00fcz\u00fclece\u011fiz.<\/p>\n<p>Kim bilir?<\/p>\n<hr \/>\n<hr \/>\n<h3><span style=\"color: #003366;\"><a style=\"color: #003366;\" href=\"https:\/\/www.dostkelimeler.com\/hikaye\/kategori\/tarihi-hikayeler\/\">Tarihi Hikayeler<\/a><\/span><\/h3>\n<\/p>","protected":false},"excerpt":{"rendered":"<p>G\u00f6bekliTepe Nas\u0131l Bulundu Y\u0131l 1986 idi. Mahmut K\u0131l\u0131\u00e7 \u015eanl\u0131Urfa&#8217;n\u0131n \u00d6rencik K\u00f6y\u00fc&#8217;nde ya\u015fayan bir ihtiyar \u00e7iftciydi. Bir \u015fubat sabah\u0131 tarlas\u0131n\u0131 kara&#46;&#46;&#46;<\/p>\n","protected":false},"author":1,"featured_media":2280,"comment_status":"open","ping_status":"open","sticky":false,"template":"","format":"standard","meta":{"footnotes":""},"categories":[59,14,8],"tags":[],"manset":[],"class_list":["post-1120","post","type-post","status-publish","format-standard","has-post-thumbnail","hentry","category-tarihi-hikayeler","category-ilginc-hikayeler","category-yasanmis-hikayeler"],"_links":{"self":[{"href":"https:\/\/www.dostkelimeler.com\/hikaye\/wp-json\/wp\/v2\/posts\/1120","targetHints":{"allow":["GET"]}}],"collection":[{"href":"https:\/\/www.dostkelimeler.com\/hikaye\/wp-json\/wp\/v2\/posts"}],"about":[{"href":"https:\/\/www.dostkelimeler.com\/hikaye\/wp-json\/wp\/v2\/types\/post"}],"author":[{"embeddable":true,"href":"https:\/\/www.dostkelimeler.com\/hikaye\/wp-json\/wp\/v2\/users\/1"}],"replies":[{"embeddable":true,"href":"https:\/\/www.dostkelimeler.com\/hikaye\/wp-json\/wp\/v2\/comments?post=1120"}],"version-history":[{"count":1,"href":"https:\/\/www.dostkelimeler.com\/hikaye\/wp-json\/wp\/v2\/posts\/1120\/revisions"}],"predecessor-version":[{"id":2281,"href":"https:\/\/www.dostkelimeler.com\/hikaye\/wp-json\/wp\/v2\/posts\/1120\/revisions\/2281"}],"wp:featuredmedia":[{"embeddable":true,"href":"https:\/\/www.dostkelimeler.com\/hikaye\/wp-json\/wp\/v2\/media\/2280"}],"wp:attachment":[{"href":"https:\/\/www.dostkelimeler.com\/hikaye\/wp-json\/wp\/v2\/media?parent=1120"}],"wp:term":[{"taxonomy":"category","embeddable":true,"href":"https:\/\/www.dostkelimeler.com\/hikaye\/wp-json\/wp\/v2\/categories?post=1120"},{"taxonomy":"post_tag","embeddable":true,"href":"https:\/\/www.dostkelimeler.com\/hikaye\/wp-json\/wp\/v2\/tags?post=1120"},{"taxonomy":"manset","embeddable":true,"href":"https:\/\/www.dostkelimeler.com\/hikaye\/wp-json\/wp\/v2\/manset?post=1120"}],"curies":[{"name":"wp","href":"https:\/\/api.w.org\/{rel}","templated":true}]}}